{"id":1170,"date":"2023-08-16T14:46:42","date_gmt":"2023-08-16T12:46:42","guid":{"rendered":"https:\/\/seal.transport-manager.net\/orizo\/?p=1170"},"modified":"2023-08-16T15:12:22","modified_gmt":"2023-08-16T13:12:22","slug":"rentree-2023-24","status":"publish","type":"post","link":"https:\/\/seal.transport-manager.net\/orizo\/actualites\/2023\/08\/16\/1170\/","title":{"rendered":"Rentr\u00e9e 2023\/24"},"content":{"rendered":"\n<div class=\"wp-block-columns alignwide is-layout-flex wp-container-core-columns-is-layout-28f84493 wp-block-columns-is-layout-flex\">\n<div class=\"wp-block-column is-layout-flow wp-block-column-is-layout-flow\">\n<p>La rentr\u00e9e approche \u00e0 grands pas, et il est temps de la pr\u00e9parer convenablement !<\/p>\n\n\n\n<p>Comme chaque ann\u00e9e, Probus met tout en \u0153uvre pour que cette rentr\u00e9e se d\u00e9roule au mieux et adapte ses services pour vous satisfaire.<\/p>\n\n\n\n<hr class=\"wp-block-separator has-alpha-channel-opacity\" \/>\n\n\n\n<h2 class=\"wp-block-heading\">\u00c9volutions<\/h2>\n\n\n\n<h3 class=\"wp-block-heading\">R\u00e9seau<\/h3>\n\n\n\n<p>Cette ann\u00e9e, le r\u00e9seau reste le m\u00eame. L&rsquo;offre sera dor\u00e9navant r\u00e9partie dans plusieurs niveaux de service, selon la fr\u00e9quentation de la ligne.<\/p>\n\n\n\n<p>Les lignes 1, 2 et 3 deviennent donc des \u00ab\u00a0Lignes structurantes\u00a0\u00bb, caract\u00e9ris\u00e9es par un service continu toute la semaine et de fortes fr\u00e9quences en heure de pointe.<\/p>\n\n\n\n<p>Les lignes 4 \u00e0 7 seront cat\u00e9goris\u00e9es dans les \u00ab\u00a0Lignes classiques\u00a0\u00bb, lignes avec des plages horaires plus r\u00e9duits, ne circulant pas forc\u00e9ment le dimanche ou en soir\u00e9e.<\/p>\n\n\n\n<p>Enfin, la ligne express 809 entre la Gare Centrale et le Parc Verlaine entre dans le lot des \u00ab\u00a0Lignes \u00e9v\u00e8nementielles\u00a0\u00bb, ne circulant que lors de festivit\u00e9s. Cette ligne sera ponctuellement rejointe par d&rsquo;autres lignes, pouvant assurer la desserte d&rsquo;autres lieux de la ville.<\/p>\n\n\n\n<figure class=\"wp-block-image alignwide size-full is-style-default\"><img loading=\"lazy\" decoding=\"async\" width=\"9154\" height=\"8192\" src=\"https:\/\/seal.transport-manager.net\/orizo\/wp-content\/uploads\/sites\/54\/2023\/08\/Plan-2023-24_Carte-reseau.png\" alt=\"\" class=\"wp-image-1258\" srcset=\"https:\/\/seal.transport-manager.net\/orizo\/wp-content\/uploads\/sites\/54\/2023\/08\/Plan-2023-24_Carte-reseau.png 9154w, https:\/\/seal.transport-manager.net\/orizo\/wp-content\/uploads\/sites\/54\/2023\/08\/Plan-2023-24_Carte-reseau-300x268.png 300w, https:\/\/seal.transport-manager.net\/orizo\/wp-content\/uploads\/sites\/54\/2023\/08\/Plan-2023-24_Carte-reseau-1024x916.png 1024w, https:\/\/seal.transport-manager.net\/orizo\/wp-content\/uploads\/sites\/54\/2023\/08\/Plan-2023-24_Carte-reseau-768x687.png 768w, https:\/\/seal.transport-manager.net\/orizo\/wp-content\/uploads\/sites\/54\/2023\/08\/Plan-2023-24_Carte-reseau-1536x1375.png 1536w\" sizes=\"auto, (max-width: 9154px) 100vw, 9154px\" \/><figcaption class=\"wp-element-caption\"><em>Plan 2023\/24 du r\u00e9seau urbain<\/em><br><em><a href=\"https:\/\/seal.transport-manager.net\/orizo\/wp-content\/uploads\/sites\/54\/2023\/07\/Plan-2023-24.pdf\" data-type=\"attachment\" data-id=\"1083\" target=\"_blank\" rel=\"noreferrer noopener\">Cliquez pour agrandir<\/a><\/em><\/figcaption><\/figure>\n\n\n\n<hr class=\"wp-block-separator has-alpha-channel-opacity\" \/>\n\n\n\n<h3 class=\"wp-block-heading\">Horaires<\/h3>\n\n\n\n<p>Les horaires de vos lignes \u00e9voluent, toujours dans un but d&rsquo;am\u00e9liorer votre voyage. Les fr\u00e9quences sont augment\u00e9es en heure de pointe sur certaines lignes, et vous pourrez trouver plus de bus le samedi, notamment sur la ligne 4.<\/p>\n\n\n\n<p>Le t\u00e9l\u00e9chargement des horaires de vos lignes est possible via les liens ci-dessous :<\/p>\n\n\n\n<div class=\"wp-block-buttons is-content-justification-center is-layout-flex wp-container-core-buttons-is-layout-a89b3969 wp-block-buttons-is-layout-flex\">\n<div class=\"wp-block-button\" style=\"font-style:normal;font-weight:600\"><a class=\"wp-block-button__link has-background wp-element-button\" href=\"https:\/\/seal.transport-manager.net\/orizo\/wp-content\/uploads\/sites\/54\/2023\/08\/FH_2023-24_L1.pdf\" style=\"border-top-left-radius:15px;border-top-right-radius:0px;border-bottom-left-radius:0px;border-bottom-right-radius:15px;background-color:#dc241f\" target=\"_blank\" rel=\"noreferrer noopener\">Ligne 1<\/a><\/div>\n\n\n\n<div class=\"wp-block-button\" style=\"font-style:normal;font-weight:600\"><a class=\"wp-block-button__link has-background wp-element-button\" href=\"https:\/\/seal.transport-manager.net\/orizo\/wp-content\/uploads\/sites\/54\/2023\/08\/FH_2023-24_L2.pdf\" style=\"border-top-left-radius:15px;border-top-right-radius:0px;border-bottom-left-radius:0px;border-bottom-right-radius:15px;background-color:#9364cc\" target=\"_blank\" rel=\"noreferrer noopener\">Ligne 2<\/a><\/div>\n\n\n\n<div class=\"wp-block-button\" style=\"font-style:normal;font-weight:600\"><a class=\"wp-block-button__link has-background wp-element-button\" href=\"https:\/\/seal.transport-manager.net\/orizo\/wp-content\/uploads\/sites\/54\/2023\/08\/FH_2023-24_L3.pdf\" style=\"border-top-left-radius:15px;border-top-right-radius:0px;border-bottom-left-radius:0px;border-bottom-right-radius:15px;background-color:#f1ab00\" target=\"_blank\" rel=\"noreferrer noopener\">Ligne 3<\/a><\/div>\n\n\n\n<div class=\"wp-block-button\"><a class=\"wp-block-button__link has-background wp-element-button\" href=\"https:\/\/seal.transport-manager.net\/orizo\/wp-content\/uploads\/sites\/54\/2023\/08\/FH_2023-24_L4.pdf\" style=\"border-top-left-radius:15px;border-top-right-radius:0px;border-bottom-left-radius:0px;border-bottom-right-radius:15px;background-color:#00afad\" target=\"_blank\" rel=\"noreferrer noopener\">Ligne 4<\/a><\/div>\n\n\n\n<div class=\"wp-block-button\"><a class=\"wp-block-button__link has-background wp-element-button\" href=\"https:\/\/seal.transport-manager.net\/orizo\/wp-content\/uploads\/sites\/54\/2023\/08\/FH_2023-24_L5.pdf\" style=\"border-top-left-radius:15px;border-top-right-radius:0px;border-bottom-left-radius:0px;border-bottom-right-radius:15px;background-color:#e86a10\" target=\"_blank\" rel=\"noreferrer noopener\">Ligne 5<\/a><\/div>\n\n\n\n<div class=\"wp-block-button\"><a class=\"wp-block-button__link has-background wp-element-button\" href=\"https:\/\/seal.transport-manager.net\/orizo\/wp-content\/uploads\/sites\/54\/2023\/08\/FH_2023-24_L6.pdf\" style=\"border-top-left-radius:15px;border-top-right-radius:0px;border-bottom-left-radius:0px;border-bottom-right-radius:15px;background-color:#894e24\" target=\"_blank\" rel=\"noreferrer noopener\">Ligne 6<\/a><\/div>\n\n\n\n<div class=\"wp-block-button\"><a class=\"wp-block-button__link has-background wp-element-button\" href=\"https:\/\/seal.transport-manager.net\/orizo\/wp-content\/uploads\/sites\/54\/2023\/08\/FH_2023-24_L7.pdf\" style=\"border-top-left-radius:15px;border-top-right-radius:0px;border-bottom-left-radius:0px;border-bottom-right-radius:15px;background-color:#007229\" target=\"_blank\" rel=\"noreferrer noopener\">Ligne 7<\/a><\/div>\n<\/div>\n\n\n\n<hr class=\"wp-block-separator has-alpha-channel-opacity\" \/>\n\n\n\n<div class=\"wp-block-media-text alignwide has-media-on-the-right is-stacked-on-mobile\" style=\"grid-template-columns:auto 60%\"><div class=\"wp-block-media-text__content\">\n<h3 class=\"wp-block-heading\">Calendrier<\/h3>\n\n\n\n<p>Pour que vos horaires correspondent \u00e0 vos besoins r\u00e9els, un calendrier de circulation est d\u00e9sormais mis en place.<\/p>\n\n\n\n<p>Le r\u00e9seau fonctionnera donc selon plusieurs p\u00e9riodes : scolaire ou vacances.<\/p>\n\n\n\n<p>Les lignes structurantes ne sont pas concern\u00e9es par ce syst\u00e8me et ont les m\u00eames horaires toute l&rsquo;ann\u00e9e.<\/p>\n<\/div><figure class=\"wp-block-media-text__media\"><img loading=\"lazy\" decoding=\"async\" width=\"1024\" height=\"768\" src=\"https:\/\/seal.transport-manager.net\/orizo\/wp-content\/uploads\/sites\/54\/2023\/08\/Calendrier-1024x768.png\" alt=\"\" class=\"wp-image-1268 size-full\" srcset=\"https:\/\/seal.transport-manager.net\/orizo\/wp-content\/uploads\/sites\/54\/2023\/08\/Calendrier-1024x768.png 1024w, https:\/\/seal.transport-manager.net\/orizo\/wp-content\/uploads\/sites\/54\/2023\/08\/Calendrier-300x225.png 300w, https:\/\/seal.transport-manager.net\/orizo\/wp-content\/uploads\/sites\/54\/2023\/08\/Calendrier-768x576.png 768w, https:\/\/seal.transport-manager.net\/orizo\/wp-content\/uploads\/sites\/54\/2023\/08\/Calendrier-1536x1152.png 1536w, https:\/\/seal.transport-manager.net\/orizo\/wp-content\/uploads\/sites\/54\/2023\/08\/Calendrier-2048x1536.png 2048w\" sizes=\"auto, (max-width: 1024px) 100vw, 1024px\" \/><\/figure><\/div>\n\n\n\n<hr class=\"wp-block-separator has-alpha-channel-opacity\" \/>\n\n\n\n<h2 class=\"wp-block-heading\">Ce qui ne change pas<\/h2>\n\n\n\n<div class=\"wp-block-columns alignwide is-not-stacked-on-mobile is-layout-flex wp-container-core-columns-is-layout-28f84493 wp-block-columns-is-layout-flex\">\n<div class=\"wp-block-column is-layout-flow wp-block-column-is-layout-flow\" style=\"flex-basis:75%\">\n<p>Cette ann\u00e9e, les tarifs restent les m\u00eames que l&rsquo;ann\u00e9e derni\u00e8re. Ceux-ci sont rappel\u00e9s dans chaque guide horaires, ainsi que dans le nouveau livret tarifaire, dont vous trouverez le lien ci-contre.<\/p>\n\n\n\n<p>De m\u00eame, vos agences vous accueillent toujours, avec un fonctionnement d\u00e9taill\u00e9 dans le m\u00eame livret ci-contre.<\/p>\n<\/div>\n\n\n\n<div class=\"wp-block-column is-vertically-aligned-center is-layout-flow wp-block-column-is-layout-flow\" style=\"flex-basis:25%\">\n<div class=\"wp-block-buttons is-content-justification-center is-layout-flex wp-container-core-buttons-is-layout-a89b3969 wp-block-buttons-is-layout-flex\">\n<div class=\"wp-block-button is-style-outline is-style-outline--1\"><a class=\"wp-block-button__link has-header-gradient-color has-text-color wp-element-button\" href=\"https:\/\/seal.transport-manager.net\/orizo\/wp-content\/uploads\/sites\/54\/2023\/08\/Tarifs.pdf\" style=\"border-top-left-radius:15px;border-top-right-radius:0px;border-bottom-left-radius:0px;border-bottom-right-radius:15px\" target=\"_blank\" rel=\"noreferrer noopener\">Livret tarifs<\/a><\/div>\n<\/div>\n<\/div>\n<\/div>\n\n\n\n<hr class=\"wp-block-separator has-alpha-channel-opacity\" \/>\n\n\n\n<p>Enfin, cette rentr\u00e9e est particuli\u00e8rement marqu\u00e9e par la fin des travaux engag\u00e9s cet \u00e9t\u00e9 sur les lignes 2 et 3. Gr\u00e2ce \u00e0 de nouvelles <strong>voies r\u00e9serv\u00e9es aux bus<\/strong>, vos lignes habituellement prises dans les embouteillages les survoleront !<\/p>\n\n\n\n<p>Ces am\u00e9nagements seront suivis, dans les mois \u00e0 venir, par l&rsquo;arriv\u00e9e de nouveaux v\u00e9hicules symbolisant la rapidit\u00e9 et le confort du transport. Tout cela s&rsquo;inscrit dans le projet Bus+, pour lequel vous pouvez trouver plus de renseignements sur <a href=\"https:\/\/seal.transport-manager.net\/orizo\/bus-plus\/\" data-type=\"page\" data-id=\"1319\">la page d\u00e9di\u00e9e<\/a>.<\/p>\n\n\n\n<hr class=\"wp-block-separator has-alpha-channel-opacity\" \/>\n\n\n\n<p>Probus et l&rsquo;agglom\u00e9ration de Probourg Levabeuge vous souhaitent une agr\u00e9able rentr\u00e9e !<\/p>\n\n\n\n<div class=\"wp-block-columns alignwide is-not-stacked-on-mobile is-layout-flex wp-container-core-columns-is-layout-28f84493 wp-block-columns-is-layout-flex\">\n<div class=\"wp-block-column is-vertically-aligned-center is-layout-flow wp-block-column-is-layout-flow\" style=\"flex-basis:25%\">\n<figure class=\"wp-block-image size-large\"><img loading=\"lazy\" decoding=\"async\" width=\"1024\" height=\"301\" src=\"https:\/\/seal.transport-manager.net\/orizo\/wp-content\/uploads\/sites\/54\/2022\/12\/Complet_bleu_blanc-1024x301.png\" alt=\"\" class=\"wp-image-249\" srcset=\"https:\/\/seal.transport-manager.net\/orizo\/wp-content\/uploads\/sites\/54\/2022\/12\/Complet_bleu_blanc-1024x301.png 1024w, https:\/\/seal.transport-manager.net\/orizo\/wp-content\/uploads\/sites\/54\/2022\/12\/Complet_bleu_blanc-300x88.png 300w, https:\/\/seal.transport-manager.net\/orizo\/wp-content\/uploads\/sites\/54\/2022\/12\/Complet_bleu_blanc-768x226.png 768w, https:\/\/seal.transport-manager.net\/orizo\/wp-content\/uploads\/sites\/54\/2022\/12\/Complet_bleu_blanc-1536x452.png 1536w, https:\/\/seal.transport-manager.net\/orizo\/wp-content\/uploads\/sites\/54\/2022\/12\/Complet_bleu_blanc.png 2008w\" sizes=\"auto, (max-width: 1024px) 100vw, 1024px\" \/><\/figure>\n<\/div>\n\n\n\n<div class=\"wp-block-column is-vertically-aligned-center is-layout-flow wp-block-column-is-layout-flow\" style=\"flex-basis:50%\">\n<figure class=\"wp-block-image size-full\"><img loading=\"lazy\" decoding=\"async\" width=\"5567\" height=\"1988\" src=\"https:\/\/seal.transport-manager.net\/orizo\/wp-content\/uploads\/sites\/54\/2022\/11\/BleuBus.png\" alt=\"\" class=\"wp-image-100\" srcset=\"https:\/\/seal.transport-manager.net\/orizo\/wp-content\/uploads\/sites\/54\/2022\/11\/BleuBus.png 5567w, https:\/\/seal.transport-manager.net\/orizo\/wp-content\/uploads\/sites\/54\/2022\/11\/BleuBus-300x107.png 300w, https:\/\/seal.transport-manager.net\/orizo\/wp-content\/uploads\/sites\/54\/2022\/11\/BleuBus-1024x366.png 1024w, https:\/\/seal.transport-manager.net\/orizo\/wp-content\/uploads\/sites\/54\/2022\/11\/BleuBus-768x274.png 768w, https:\/\/seal.transport-manager.net\/orizo\/wp-content\/uploads\/sites\/54\/2022\/11\/BleuBus-1536x549.png 1536w, https:\/\/seal.transport-manager.net\/orizo\/wp-content\/uploads\/sites\/54\/2022\/11\/BleuBus-2048x731.png 2048w\" sizes=\"auto, (max-width: 5567px) 100vw, 5567px\" \/><\/figure>\n<\/div>\n\n\n\n<div class=\"wp-block-column is-vertically-aligned-center is-layout-flow wp-block-column-is-layout-flow\" style=\"flex-basis:25%\">\n<figure class=\"wp-block-image size-full\"><img loading=\"lazy\" decoding=\"async\" width=\"960\" height=\"720\" src=\"https:\/\/seal.transport-manager.net\/orizo\/wp-content\/uploads\/sites\/54\/2023\/08\/Probourg-Levabeuge-lagglo-gris.png\" alt=\"\" class=\"wp-image-1276\" srcset=\"https:\/\/seal.transport-manager.net\/orizo\/wp-content\/uploads\/sites\/54\/2023\/08\/Probourg-Levabeuge-lagglo-gris.png 960w, https:\/\/seal.transport-manager.net\/orizo\/wp-content\/uploads\/sites\/54\/2023\/08\/Probourg-Levabeuge-lagglo-gris-300x225.png 300w, https:\/\/seal.transport-manager.net\/orizo\/wp-content\/uploads\/sites\/54\/2023\/08\/Probourg-Levabeuge-lagglo-gris-768x576.png 768w\" sizes=\"auto, (max-width: 960px) 100vw, 960px\" \/><\/figure>\n<\/div>\n<\/div>\n<\/div>\n<\/div>\n","protected":false},"excerpt":{"rendered":"<p>D\u00e9couvrez les \u00e9volutions de votre r\u00e9seau pour la rentr\u00e9e !<\/p>\n","protected":false},"author":54,"featured_media":1274,"comment_status":"open","ping_status":"open","sticky":false,"template":"","format":"standard","meta":{"_EventAllDay":false,"_EventTimezone":"","_EventStartDate":"","_EventEndDate":"","_EventStartDateUTC":"","_EventEndDateUTC":"","_EventShowMap":false,"_EventShowMapLink":false,"_EventURL":"","_EventCost":"","_EventCostDescription":"","_EventCurrencySymbol":"","_EventCurrencyCode":"","_EventCurrencyPosition":"","_EventDateTimeSeparator":"","_EventTimeRangeSeparator":"","_EventOrganizerID":[],"_EventVenueID":[],"_OrganizerEmail":"","_OrganizerPhone":"","_OrganizerWebsite":"","_VenueAddress":"","_VenueCity":"","_VenueCountry":"","_VenueProvince":"","_VenueState":"","_VenueZip":"","_VenuePhone":"","_VenueURL":"","_VenueStateProvince":"","_VenueLat":"","_VenueLng":"","_VenueShowMap":false,"_VenueShowMapLink":false,"footnotes":""},"categories":[5,6],"tags":[],"class_list":["post-1170","post","type-post","status-publish","format-standard","has-post-thumbnail","hentry","category-actualites","category-info-reseau"],"_links":{"self":[{"href":"https:\/\/seal.transport-manager.net\/orizo\/wp-json\/wp\/v2\/posts\/1170","targetHints":{"allow":["GET"]}}],"collection":[{"href":"https:\/\/seal.transport-manager.net\/orizo\/wp-json\/wp\/v2\/posts"}],"about":[{"href":"https:\/\/seal.transport-manager.net\/orizo\/wp-json\/wp\/v2\/types\/post"}],"author":[{"embeddable":true,"href":"https:\/\/seal.transport-manager.net\/orizo\/wp-json\/wp\/v2\/users\/54"}],"replies":[{"embeddable":true,"href":"https:\/\/seal.transport-manager.net\/orizo\/wp-json\/wp\/v2\/comments?post=1170"}],"version-history":[{"count":16,"href":"https:\/\/seal.transport-manager.net\/orizo\/wp-json\/wp\/v2\/posts\/1170\/revisions"}],"predecessor-version":[{"id":1504,"href":"https:\/\/seal.transport-manager.net\/orizo\/wp-json\/wp\/v2\/posts\/1170\/revisions\/1504"}],"wp:featuredmedia":[{"embeddable":true,"href":"https:\/\/seal.transport-manager.net\/orizo\/wp-json\/wp\/v2\/media\/1274"}],"wp:attachment":[{"href":"https:\/\/seal.transport-manager.net\/orizo\/wp-json\/wp\/v2\/media?parent=1170"}],"wp:term":[{"taxonomy":"category","embeddable":true,"href":"https:\/\/seal.transport-manager.net\/orizo\/wp-json\/wp\/v2\/categories?post=1170"},{"taxonomy":"post_tag","embeddable":true,"href":"https:\/\/seal.transport-manager.net\/orizo\/wp-json\/wp\/v2\/tags?post=1170"}],"curies":[{"name":"wp","href":"https:\/\/api.w.org\/{rel}","templated":true}]}}