{"id":1236,"date":"2023-08-06T10:24:50","date_gmt":"2023-08-06T08:24:50","guid":{"rendered":"https:\/\/seal.transport-manager.net\/orizo\/?p=1236"},"modified":"2023-08-06T10:24:50","modified_gmt":"2023-08-06T08:24:50","slug":"fermeture-agences","status":"publish","type":"post","link":"https:\/\/seal.transport-manager.net\/orizo\/actualites\/2023\/08\/06\/1236\/","title":{"rendered":"Fermeture agences"},"content":{"rendered":"\n<p>Les agences commerciales Probus seront exceptionnellement ferm\u00e9es cette semaine (du 7 au 13 ao\u00fbt).<\/p>\n\n\n\n<p>Vos achats de titres de transport et prises de renseignements pourront avoir lieu, comme d&rsquo;habitude, chez vos d\u00e9positaires.<\/p>\n\n\n\n<p>Veuillez nous excuser du d\u00e9sagr\u00e9ment.<\/p>\n\n\n\n<p>Probus &#8211; ensemble, prenons le bus !<\/p>\n","protected":false},"excerpt":{"rendered":"<p>Nos agences commerciales seront exceptionnellement ferm\u00e9es du 7 ao\u00fbt au 13 ao\u00fbt inclus.<\/p>\n","protected":false},"author":54,"featured_media":1237,"comment_status":"open","ping_status":"open","sticky":false,"template":"","format":"standard","meta":{"_EventAllDay":false,"_EventTimezone":"","_EventStartDate":"","_EventEndDate":"","_EventStartDateUTC":"","_EventEndDateUTC":"","_EventShowMap":false,"_EventShowMapLink":false,"_EventURL":"","_EventCost":"","_EventCostDescription":"","_EventCurrencySymbol":"","_EventCurrencyCode":"","_EventCurrencyPosition":"","_EventDateTimeSeparator":"","_EventTimeRangeSeparator":"","_EventOrganizerID":[],"_EventVenueID":[],"_OrganizerEmail":"","_OrganizerPhone":"","_OrganizerWebsite":"","_VenueAddress":"","_VenueCity":"","_VenueCountry":"","_VenueProvince":"","_VenueState":"","_VenueZip":"","_VenuePhone":"","_VenueURL":"","_VenueStateProvince":"","_VenueLat":"","_VenueLng":"","_VenueShowMap":false,"_VenueShowMapLink":false,"footnotes":""},"categories":[5,24,6],"tags":[],"class_list":["post-1236","post","type-post","status-publish","format-standard","has-post-thumbnail","hentry","category-actualites","category-agences","category-info-reseau"],"_links":{"self":[{"href":"https:\/\/seal.transport-manager.net\/orizo\/wp-json\/wp\/v2\/posts\/1236","targetHints":{"allow":["GET"]}}],"collection":[{"href":"https:\/\/seal.transport-manager.net\/orizo\/wp-json\/wp\/v2\/posts"}],"about":[{"href":"https:\/\/seal.transport-manager.net\/orizo\/wp-json\/wp\/v2\/types\/post"}],"author":[{"embeddable":true,"href":"https:\/\/seal.transport-manager.net\/orizo\/wp-json\/wp\/v2\/users\/54"}],"replies":[{"embeddable":true,"href":"https:\/\/seal.transport-manager.net\/orizo\/wp-json\/wp\/v2\/comments?post=1236"}],"version-history":[{"count":1,"href":"https:\/\/seal.transport-manager.net\/orizo\/wp-json\/wp\/v2\/posts\/1236\/revisions"}],"predecessor-version":[{"id":1238,"href":"https:\/\/seal.transport-manager.net\/orizo\/wp-json\/wp\/v2\/posts\/1236\/revisions\/1238"}],"wp:featuredmedia":[{"embeddable":true,"href":"https:\/\/seal.transport-manager.net\/orizo\/wp-json\/wp\/v2\/media\/1237"}],"wp:attachment":[{"href":"https:\/\/seal.transport-manager.net\/orizo\/wp-json\/wp\/v2\/media?parent=1236"}],"wp:term":[{"taxonomy":"category","embeddable":true,"href":"https:\/\/seal.transport-manager.net\/orizo\/wp-json\/wp\/v2\/categories?post=1236"},{"taxonomy":"post_tag","embeddable":true,"href":"https:\/\/seal.transport-manager.net\/orizo\/wp-json\/wp\/v2\/tags?post=1236"}],"curies":[{"name":"wp","href":"https:\/\/api.w.org\/{rel}","templated":true}]}}