{"id":156,"date":"2022-11-20T11:17:51","date_gmt":"2022-11-20T10:17:51","guid":{"rendered":"https:\/\/seal.transport-manager.net\/orizo\/?p=156"},"modified":"2023-08-08T18:46:12","modified_gmt":"2023-08-08T16:46:12","slug":"ligne-speciale-marche-de-noel","status":"publish","type":"post","link":"https:\/\/seal.transport-manager.net\/orizo\/actualites\/2022\/11\/20\/156\/","title":{"rendered":"Ligne sp\u00e9ciale March\u00e9 de No\u00ebl"},"content":{"rendered":"\n<figure class=\"wp-block-image size-large\"><img decoding=\"async\" src=\"https:\/\/cdn.discordapp.com\/attachments\/945778940662931496\/1043832346715111484\/1-808.png\" alt=\"\" \/><\/figure>\n\n\n\n<figure class=\"wp-block-image size-large\"><img decoding=\"async\" src=\"https:\/\/transport-manager.net\/assets\/img\/lignes\/N1_L808_trans2.png\" alt=\"\" \/><\/figure>\n\n\n\n<p>Pour votre march\u00e9 de No\u00ebl, Probus vous propose une navette reliant la Gare de l&rsquo;Ouest et le Campus Alan Turing et le March\u00e9 de No\u00ebl. De plus, les plages horaires de la ligne 1 seront augment\u00e9es, pour vous permettre des correspondances \u00e0 Campus Alan Turing.<\/p>\n\n\n\n<p>Cette ligne circulera aux horaires d&rsquo;ouverture du March\u00e9 de No\u00ebl. Plus de d\u00e9tails <a href=\"https:\/\/seal.transport-manager.net\/orizo\/notre-reseau\/ligne-808\/\" data-type=\"page\" data-id=\"157\">ici<\/a>.<\/p>\n\n\n<div class=\"wp-block-image\">\n<figure class=\"aligncenter size-large is-resized\"><img loading=\"lazy\" decoding=\"async\" src=\"https:\/\/cdn.discordapp.com\/attachments\/945778940662931496\/1043641237216968724\/f2022.png\" alt=\"\" width=\"211\" height=\"200\" \/><\/figure>\n<\/div>\n\n\n<p><\/p>\n\n\n\n<p>Ligne 1 &#8211; d\u00e9parts suppl\u00e9mentaires du 26 novembre au 25 d\u00e9cembre : <\/p>\n\n\n\n<div class=\"wp-block-columns is-layout-flex wp-container-core-columns-is-layout-28f84493 wp-block-columns-is-layout-flex\">\n<div class=\"wp-block-column is-layout-flow wp-block-column-is-layout-flow\">\n<p>En semaine :<\/p>\n\n\n\n<ul class=\"wp-block-list\">\n<li>12:24<\/li>\n\n\n\n<li>12:48<\/li>\n\n\n\n<li>20:12<\/li>\n\n\n\n<li>20:36<\/li>\n\n\n\n<li>21:00<\/li>\n\n\n\n<li>21:24<\/li>\n\n\n\n<li>21:36<\/li>\n\n\n\n<li>21:48<\/li>\n\n\n\n<li>22:00<\/li>\n\n\n\n<li>22:12<\/li>\n<\/ul>\n\n\n\n<p>Dernier d\u00e9part \u00e0 22:12<\/p>\n<\/div>\n\n\n\n<div class=\"wp-block-column is-layout-flow wp-block-column-is-layout-flow\">\n<p>Le samedi :<\/p>\n\n\n\n<ul class=\"wp-block-list\">\n<li>21:28<\/li>\n\n\n\n<li>22:16<\/li>\n\n\n\n<li>23:04<\/li>\n\n\n\n<li>23:52<\/li>\n<\/ul>\n\n\n\n<p>Dernier d\u00e9part \u00e0 1:04<\/p>\n<\/div>\n\n\n\n<div class=\"wp-block-column is-layout-flow wp-block-column-is-layout-flow\">\n<p>Le dimanche :<\/p>\n\n\n\n<ul class=\"wp-block-list\">\n<li>15:12<\/li>\n\n\n\n<li>16:00<\/li>\n\n\n\n<li>16:48<\/li>\n\n\n\n<li>17:36<\/li>\n\n\n\n<li>18:24<\/li>\n\n\n\n<li>19:12<\/li>\n\n\n\n<li>20:00<\/li>\n\n\n\n<li>20:24<\/li>\n\n\n\n<li>20:48<\/li>\n\n\n\n<li>21:12<\/li>\n<\/ul>\n\n\n\n<p>Dernier d\u00e9part \u00e0 21:12<\/p>\n<\/div>\n<\/div>\n","protected":false},"excerpt":{"rendered":"<p>Pour votre march\u00e9 de No\u00ebl, Probus vous propose une navette reliant la Gare de l&rsquo;Ouest et le Campus Alan Turing et le March\u00e9 de No\u00ebl. De plus, les plages horaires de la ligne 1 seront augment\u00e9es, pour vous permettre des correspondances \u00e0 Campus Alan Turing. Cette ligne circulera aux horaires [&hellip;]<\/p>\n","protected":false},"author":54,"featured_media":170,"comment_status":"open","ping_status":"open","sticky":false,"template":"","format":"standard","meta":{"_EventAllDay":false,"_EventTimezone":"","_EventStartDate":"","_EventEndDate":"","_EventStartDateUTC":"","_EventEndDateUTC":"","_EventShowMap":false,"_EventShowMapLink":false,"_EventURL":"","_EventCost":"","_EventCostDescription":"","_EventCurrencySymbol":"","_EventCurrencyCode":"","_EventCurrencyPosition":"","_EventDateTimeSeparator":"","_EventTimeRangeSeparator":"","_EventOrganizerID":[],"_EventVenueID":[],"_OrganizerEmail":"","_OrganizerPhone":"","_OrganizerWebsite":"","_VenueAddress":"","_VenueCity":"","_VenueCountry":"","_VenueProvince":"","_VenueState":"","_VenueZip":"","_VenuePhone":"","_VenueURL":"","_VenueStateProvince":"","_VenueLat":"","_VenueLng":"","_VenueShowMap":false,"_VenueShowMapLink":false,"footnotes":""},"categories":[5,6],"tags":[22],"class_list":["post-156","post","type-post","status-publish","format-standard","has-post-thumbnail","hentry","category-actualites","category-info-reseau","tag-22"],"_links":{"self":[{"href":"https:\/\/seal.transport-manager.net\/orizo\/wp-json\/wp\/v2\/posts\/156","targetHints":{"allow":["GET"]}}],"collection":[{"href":"https:\/\/seal.transport-manager.net\/orizo\/wp-json\/wp\/v2\/posts"}],"about":[{"href":"https:\/\/seal.transport-manager.net\/orizo\/wp-json\/wp\/v2\/types\/post"}],"author":[{"embeddable":true,"href":"https:\/\/seal.transport-manager.net\/orizo\/wp-json\/wp\/v2\/users\/54"}],"replies":[{"embeddable":true,"href":"https:\/\/seal.transport-manager.net\/orizo\/wp-json\/wp\/v2\/comments?post=156"}],"version-history":[{"count":3,"href":"https:\/\/seal.transport-manager.net\/orizo\/wp-json\/wp\/v2\/posts\/156\/revisions"}],"predecessor-version":[{"id":331,"href":"https:\/\/seal.transport-manager.net\/orizo\/wp-json\/wp\/v2\/posts\/156\/revisions\/331"}],"wp:featuredmedia":[{"embeddable":true,"href":"https:\/\/seal.transport-manager.net\/orizo\/wp-json\/wp\/v2\/media\/170"}],"wp:attachment":[{"href":"https:\/\/seal.transport-manager.net\/orizo\/wp-json\/wp\/v2\/media?parent=156"}],"wp:term":[{"taxonomy":"category","embeddable":true,"href":"https:\/\/seal.transport-manager.net\/orizo\/wp-json\/wp\/v2\/categories?post=156"},{"taxonomy":"post_tag","embeddable":true,"href":"https:\/\/seal.transport-manager.net\/orizo\/wp-json\/wp\/v2\/tags?post=156"}],"curies":[{"name":"wp","href":"https:\/\/api.w.org\/{rel}","templated":true}]}}