{"id":1697,"date":"2023-10-24T19:21:11","date_gmt":"2023-10-24T17:21:11","guid":{"rendered":"https:\/\/seal.transport-manager.net\/orizo\/?p=1697"},"modified":"2023-10-24T19:21:12","modified_gmt":"2023-10-24T17:21:12","slug":"nuit-de-lepouvante","status":"publish","type":"post","link":"https:\/\/seal.transport-manager.net\/orizo\/actualites\/2023\/10\/24\/1697\/","title":{"rendered":"Nuit de l&rsquo;\u00c9pouvante"},"content":{"rendered":"\n<p>\u00c0 l&rsquo;occasion de la Nuit de l&rsquo;\u00c9pouvante organis\u00e9e par l&rsquo;agglom\u00e9ration au parc Jolimont, le 31 octobre, Probus met en place des services suppl\u00e9mentaires sur la ligne 3 dans la nuit du 31 octobre au 1<sup>er<\/sup> novembre entre la Gare Centrale et le Parc Jolimont.<\/p>\n\n\n\n<p>De 23 heures \u00e0 3 heures, un bus toutes les 13 minutes environ entre la Gare et le Parc Jolimont, toutes les 40 minutes pour le Campus Marthe Gautier.<\/p>\n\n\n\n<p>Retrouvez les horaires sur notre moteur de recherche :<\/p>\n\n\n\n<div class=\"wp-block-buttons is-content-justification-center is-layout-flex wp-container-core-buttons-is-layout-a89b3969 wp-block-buttons-is-layout-flex\">\n<div class=\"wp-block-button\"><a class=\"wp-block-button__link has-background wp-element-button\" href=\"https:\/\/excel.officeapps.live.com\/x\/_layouts\/xlembedpreview.aspx?ui=fr-FR&amp;rs=fr-FR&amp;hid=PjSP7x%2BhLEWC7Iq2b9MFNA.0.0&amp;WOPISrc=https%3A%2F%2Fwopi.onedrive.com%2Fwopi%2Ffiles%2FAB2EEEC4434A46FE%21463&amp;access_token=4wP3-I0qKW1zw7fyUdszzZ_aUb7ph7pSk4Z3BqSvZQ2Df_DiUaajBhreA2c-9k5nIo4OxMvaL7c6Wjwo6DrBfXAfz7Vn87xqHq9M53THjDMNMiOJwe_YnsVrYMabhNQu6Dny1-rDzz1_-dT5Qy3-msF-hegZD1z5ZHxt86TKF0RXPI1SKS8oVfqfrgpPF8MIV9Conj48hnvPKd0kGgrqKnQAjS22EIjRbjQ7X7l3_fz5r6CE86DxpEidkP8UQJp0NGZ4r16leXvMa9i_DQP0NiSkMwHHTyAvXw091kSz9anY_6ucBL-H67Ka7lNl4_B--shpDeQPOO7DirTXbXsW5qNAJjEaInZJnr0C6h6ZpGnFn93Yiba0q86IMTBwgE-U-QJbPYY4Jrg8hWbr8pOf-CzhxuIDFvBmWZ7XwDCoCsNt8TzHCOspoUvmlIP4uG9xaaWyOHTEg6h_Nyvhe2qufsXIwab2vmn5BbJ8h657b_nGclEt3qKfV7xFueou9M3wmZUxYj-dew1U6UDgeUTV-FvWgJRzTtIuy1VVKiGVc-ZvmtshGZncsiHan3j7BMalgOh9OcS6l9os6XRUkmVnanFw&amp;access_token_ttl=1699554234286&amp;sc=host%3D%26qt%3DDefault&amp;dchat=1%2C1&amp;wdo=2&amp;wde=xlsx&amp;wdp=0&amp;wdorigin=Other&amp;wdredirectionreason=Force_SingleStepBoot&amp;wdinitialsession=decfdd0c-918f-4ae3-8a72-54095026b0b1&amp;wdrldsc=3&amp;wdrldc=1&amp;wdrldr=InternalError&amp;wdAllowInteractivity=False&amp;AllowTyping=True&amp;ActiveCell=%27Recherche%27!A1&amp;Item=%27Recherche%27!A1%3AJ18&amp;wdHideGridlines=True&amp;wdInConfigurator=True&amp;wdInConfigurator=True&amp;width=1450&amp;height=740\" style=\"background-color:#f1ab00\" target=\"_blank\" rel=\"noreferrer noopener\">Rechercher un horaire<\/a><\/div>\n<\/div>\n\n\n\n<p>Probus &#8211; ensemble, prenons le bus !<\/p>\n","protected":false},"excerpt":{"rendered":"<p>\u00c0 l&rsquo;occasion de la Nuit de l&rsquo;\u00c9pouvante organis\u00e9e par l&rsquo;agglom\u00e9ration au parc Jolimont, le 31 octobre, Probus met en place des services suppl\u00e9mentaires sur la ligne 3 dans la nuit du 31 octobre au 1er novembre entre la Gare Centrale et le Parc Jolimont. De 23 heures \u00e0 3 heures, [&hellip;]<\/p>\n","protected":false},"author":54,"featured_media":1698,"comment_status":"closed","ping_status":"open","sticky":false,"template":"","format":"standard","meta":{"_EventAllDay":false,"_EventTimezone":"","_EventStartDate":"","_EventEndDate":"","_EventStartDateUTC":"","_EventEndDateUTC":"","_EventShowMap":false,"_EventShowMapLink":false,"_EventURL":"","_EventCost":"","_EventCostDescription":"","_EventCurrencySymbol":"","_EventCurrencyCode":"","_EventCurrencyPosition":"","_EventDateTimeSeparator":"","_EventTimeRangeSeparator":"","_EventOrganizerID":[],"_EventVenueID":[],"_OrganizerEmail":"","_OrganizerPhone":"","_OrganizerWebsite":"","_VenueAddress":"","_VenueCity":"","_VenueCountry":"","_VenueProvince":"","_VenueState":"","_VenueZip":"","_VenuePhone":"","_VenueURL":"","_VenueStateProvince":"","_VenueLat":"","_VenueLng":"","_VenueShowMap":false,"_VenueShowMapLink":false,"footnotes":""},"categories":[5,8,6],"tags":[12],"class_list":["post-1697","post","type-post","status-publish","format-standard","has-post-thumbnail","hentry","category-actualites","category-fetes","category-info-reseau","tag-12"],"_links":{"self":[{"href":"https:\/\/seal.transport-manager.net\/orizo\/wp-json\/wp\/v2\/posts\/1697","targetHints":{"allow":["GET"]}}],"collection":[{"href":"https:\/\/seal.transport-manager.net\/orizo\/wp-json\/wp\/v2\/posts"}],"about":[{"href":"https:\/\/seal.transport-manager.net\/orizo\/wp-json\/wp\/v2\/types\/post"}],"author":[{"embeddable":true,"href":"https:\/\/seal.transport-manager.net\/orizo\/wp-json\/wp\/v2\/users\/54"}],"replies":[{"embeddable":true,"href":"https:\/\/seal.transport-manager.net\/orizo\/wp-json\/wp\/v2\/comments?post=1697"}],"version-history":[{"count":3,"href":"https:\/\/seal.transport-manager.net\/orizo\/wp-json\/wp\/v2\/posts\/1697\/revisions"}],"predecessor-version":[{"id":1701,"href":"https:\/\/seal.transport-manager.net\/orizo\/wp-json\/wp\/v2\/posts\/1697\/revisions\/1701"}],"wp:featuredmedia":[{"embeddable":true,"href":"https:\/\/seal.transport-manager.net\/orizo\/wp-json\/wp\/v2\/media\/1698"}],"wp:attachment":[{"href":"https:\/\/seal.transport-manager.net\/orizo\/wp-json\/wp\/v2\/media?parent=1697"}],"wp:term":[{"taxonomy":"category","embeddable":true,"href":"https:\/\/seal.transport-manager.net\/orizo\/wp-json\/wp\/v2\/categories?post=1697"},{"taxonomy":"post_tag","embeddable":true,"href":"https:\/\/seal.transport-manager.net\/orizo\/wp-json\/wp\/v2\/tags?post=1697"}],"curies":[{"name":"wp","href":"https:\/\/api.w.org\/{rel}","templated":true}]}}