{"id":1715,"date":"2023-11-19T20:38:39","date_gmt":"2023-11-19T19:38:39","guid":{"rendered":"https:\/\/seal.transport-manager.net\/orizo\/?p=1715"},"modified":"2023-11-19T20:38:40","modified_gmt":"2023-11-19T19:38:40","slug":"marche-de-noel","status":"publish","type":"post","link":"https:\/\/seal.transport-manager.net\/orizo\/actualites\/2023\/11\/19\/1715\/","title":{"rendered":"March\u00e9 de No\u00ebl"},"content":{"rendered":"\n<p>Du 25 novembre au 24 d\u00e9cembre, c&rsquo;est d\u00e9j\u00e0 No\u00ebl \u00e0 Probourg !<\/p>\n\n\n\n<p>Cette ann\u00e9e, les animations se d\u00e9roulent sur la place de la Cath\u00e9drale ainsi qu&rsquo;aux Halles. Pour vous permettre d&rsquo;acc\u00e9der aux diff\u00e9rents lieux facilement, Probus met en place une navette gratuite 813.<\/p>\n\n\n<div class=\"wp-block-image\">\n<figure class=\"aligncenter size-large is-resized\"><img loading=\"lazy\" decoding=\"async\" width=\"1024\" height=\"752\" src=\"https:\/\/seal.transport-manager.net\/orizo\/wp-content\/uploads\/sites\/54\/2023\/11\/Ligne-813_Zoom-ligne_Zoom-ligne-1024x752.png\" alt=\"\" class=\"wp-image-1717\" style=\"aspect-ratio:1.3617021276595744;width:560px;height:auto\" srcset=\"https:\/\/seal.transport-manager.net\/orizo\/wp-content\/uploads\/sites\/54\/2023\/11\/Ligne-813_Zoom-ligne_Zoom-ligne-1024x752.png 1024w, https:\/\/seal.transport-manager.net\/orizo\/wp-content\/uploads\/sites\/54\/2023\/11\/Ligne-813_Zoom-ligne_Zoom-ligne-300x220.png 300w, https:\/\/seal.transport-manager.net\/orizo\/wp-content\/uploads\/sites\/54\/2023\/11\/Ligne-813_Zoom-ligne_Zoom-ligne-768x564.png 768w, https:\/\/seal.transport-manager.net\/orizo\/wp-content\/uploads\/sites\/54\/2023\/11\/Ligne-813_Zoom-ligne_Zoom-ligne.png 1477w\" sizes=\"auto, (max-width: 1024px) 100vw, 1024px\" \/><\/figure>\n<\/div>\n\n\n<p>Cerise sur le g\u00e2teau, cette ligne est exploit\u00e9e exclusivement avec des bus \u00e9lectriques !<\/p>\n\n\n\n<div data-wp-interactive=\"core\/file\" class=\"wp-block-file\"><object data-wp-bind--hidden=\"!state.hasPdfPreview\" hidden class=\"wp-block-file__embed\" data=\"https:\/\/seal.transport-manager.net\/orizo\/wp-content\/uploads\/sites\/54\/2023\/11\/FH_2023-24.pdf\" type=\"application\/pdf\" style=\"width:100%;height:600px\" aria-label=\"Contenu embarqu\u00e9 Fiche horaires 813.\"><\/object><a id=\"wp-block-file--media-f0882044-de54-472e-82b6-d6b625be7e52\" href=\"https:\/\/seal.transport-manager.net\/orizo\/wp-content\/uploads\/sites\/54\/2023\/11\/FH_2023-24.pdf\" target=\"_blank\" rel=\"noreferrer noopener\">Fiche horaires 813<\/a><\/div>\n\n\n\n<p>Nous vous attendons nombreux \u00e0 bord de nos bus !<\/p>\n\n\n\n<p>Probus &#8211; Ensemble, prenons le bus !<\/p>\n","protected":false},"excerpt":{"rendered":"<p>Du 25 novembre au 24 d\u00e9cembre, c&rsquo;est d\u00e9j\u00e0 No\u00ebl \u00e0 Probourg ! Cette ann\u00e9e, les animations se d\u00e9roulent sur la place de la Cath\u00e9drale ainsi qu&rsquo;aux Halles. Pour vous permettre d&rsquo;acc\u00e9der aux diff\u00e9rents lieux facilement, Probus met en place une navette gratuite 813. Cerise sur le g\u00e2teau, cette ligne est [&hellip;]<\/p>\n","protected":false},"author":54,"featured_media":1716,"comment_status":"open","ping_status":"open","sticky":false,"template":"","format":"standard","meta":{"_EventAllDay":false,"_EventTimezone":"","_EventStartDate":"","_EventEndDate":"","_EventStartDateUTC":"","_EventEndDateUTC":"","_EventShowMap":false,"_EventShowMapLink":false,"_EventURL":"","_EventCost":"","_EventCostDescription":"","_EventCurrencySymbol":"","_EventCurrencyCode":"","_EventCurrencyPosition":"","_EventDateTimeSeparator":"","_EventTimeRangeSeparator":"","_EventOrganizerID":[],"_EventVenueID":[],"_OrganizerEmail":"","_OrganizerPhone":"","_OrganizerWebsite":"","_VenueAddress":"","_VenueCity":"","_VenueCountry":"","_VenueProvince":"","_VenueState":"","_VenueZip":"","_VenuePhone":"","_VenueURL":"","_VenueStateProvince":"","_VenueLat":"","_VenueLng":"","_VenueShowMap":false,"_VenueShowMapLink":false,"footnotes":""},"categories":[5,8,6],"tags":[28],"class_list":["post-1715","post","type-post","status-publish","format-standard","has-post-thumbnail","hentry","category-actualites","category-fetes","category-info-reseau","tag-ligne-813"],"_links":{"self":[{"href":"https:\/\/seal.transport-manager.net\/orizo\/wp-json\/wp\/v2\/posts\/1715","targetHints":{"allow":["GET"]}}],"collection":[{"href":"https:\/\/seal.transport-manager.net\/orizo\/wp-json\/wp\/v2\/posts"}],"about":[{"href":"https:\/\/seal.transport-manager.net\/orizo\/wp-json\/wp\/v2\/types\/post"}],"author":[{"embeddable":true,"href":"https:\/\/seal.transport-manager.net\/orizo\/wp-json\/wp\/v2\/users\/54"}],"replies":[{"embeddable":true,"href":"https:\/\/seal.transport-manager.net\/orizo\/wp-json\/wp\/v2\/comments?post=1715"}],"version-history":[{"count":2,"href":"https:\/\/seal.transport-manager.net\/orizo\/wp-json\/wp\/v2\/posts\/1715\/revisions"}],"predecessor-version":[{"id":1723,"href":"https:\/\/seal.transport-manager.net\/orizo\/wp-json\/wp\/v2\/posts\/1715\/revisions\/1723"}],"wp:featuredmedia":[{"embeddable":true,"href":"https:\/\/seal.transport-manager.net\/orizo\/wp-json\/wp\/v2\/media\/1716"}],"wp:attachment":[{"href":"https:\/\/seal.transport-manager.net\/orizo\/wp-json\/wp\/v2\/media?parent=1715"}],"wp:term":[{"taxonomy":"category","embeddable":true,"href":"https:\/\/seal.transport-manager.net\/orizo\/wp-json\/wp\/v2\/categories?post=1715"},{"taxonomy":"post_tag","embeddable":true,"href":"https:\/\/seal.transport-manager.net\/orizo\/wp-json\/wp\/v2\/tags?post=1715"}],"curies":[{"name":"wp","href":"https:\/\/api.w.org\/{rel}","templated":true}]}}