{"id":1726,"date":"2023-12-03T13:47:53","date_gmt":"2023-12-03T12:47:53","guid":{"rendered":"https:\/\/seal.transport-manager.net\/orizo\/?p=1726"},"modified":"2023-12-03T13:48:51","modified_gmt":"2023-12-03T12:48:51","slug":"bus-se-devoile-peu-a-peu","status":"publish","type":"post","link":"https:\/\/seal.transport-manager.net\/orizo\/actualites\/2023\/12\/03\/1726\/","title":{"rendered":"Bus+ se d\u00e9voile peu \u00e0 peu&#8230;"},"content":{"rendered":"\n<p>Le projet Bus+, consistant \u00e0 faciliter vos d\u00e9placements, acc\u00e9l\u00e8re ! Apr\u00e8s avoir cr\u00e9\u00e9 des voies d\u00e9di\u00e9es \u00e0 la circulation des v\u00e9hicules de transport en commun cet \u00e9t\u00e9, Probus vous d\u00e9voile aujourd&rsquo;hui les v\u00e9hicules s\u00e9lectionn\u00e9s ainsi que leurs livr\u00e9es !<\/p>\n\n\n\n<p>Pour rappel, dans un premier temps le projet concerne uniquement les lignes 2 et 3, la ligne 1 sera trait\u00e9e ult\u00e9rieurement. Ces lignes, d\u00e9j\u00e0 class\u00e9es en \u00ab\u00a0Lignes structurantes\u00a0\u00bb seront d\u00e9nomm\u00e9es B1, B2 et B3 pour marquer la diff\u00e9rence avec les autres lignes du r\u00e9seau. Bien entendu, les autres lignes du r\u00e9seau ne seront mises \u00e0 c\u00f4t\u00e9 et de nouveaux bus seront \u00e9galement re\u00e7us et les fr\u00e9quences am\u00e9lior\u00e9es.<\/p>\n\n\n\n<p>Pour le r\u00e9seau Bus+, le choix se porte sur des v\u00e9hicules de marque Iveco Bus, de type Cr\u00e9alis et rouleront au gaz naturel. Comme actuellement, la ligne B2 sera exploit\u00e9e avec des v\u00e9hicules articul\u00e9s de 18 m\u00e8tres de long tandis que la ligne B3 le sera avec des bus \u00ab\u00a0standards\u00a0\u00bb de 12 m\u00e8tres de long.<\/p>\n\n\n\n<p>Ces v\u00e9hicules rev\u00eatiront les livr\u00e9es suivantes, l\u00e9g\u00e8rement diff\u00e9rentes pour chaque ligne :<\/p>\n\n\n\n<hr class=\"wp-block-separator has-alpha-channel-opacity is-style-wide\" \/>\n\n\n\n<div class=\"wp-block-media-text is-stacked-on-mobile\" style=\"grid-template-columns:72% auto\"><figure class=\"wp-block-media-text__media\"><a href=\"https:\/\/seal.transport-manager.net\/orizo\/wp-content\/uploads\/sites\/54\/2023\/12\/Iveco-Crealis-18-GNV.png\" target=\"_blank\" rel=\"noreferrer noopener\"><img loading=\"lazy\" decoding=\"async\" width=\"1024\" height=\"193\" src=\"https:\/\/seal.transport-manager.net\/orizo\/wp-content\/uploads\/sites\/54\/2023\/12\/Iveco-Crealis-18-GNV-1024x193.png\" alt=\"\" class=\"wp-image-1729 size-full\" srcset=\"https:\/\/seal.transport-manager.net\/orizo\/wp-content\/uploads\/sites\/54\/2023\/12\/Iveco-Crealis-18-GNV-1024x193.png 1024w, https:\/\/seal.transport-manager.net\/orizo\/wp-content\/uploads\/sites\/54\/2023\/12\/Iveco-Crealis-18-GNV-300x57.png 300w, https:\/\/seal.transport-manager.net\/orizo\/wp-content\/uploads\/sites\/54\/2023\/12\/Iveco-Crealis-18-GNV-768x145.png 768w, https:\/\/seal.transport-manager.net\/orizo\/wp-content\/uploads\/sites\/54\/2023\/12\/Iveco-Crealis-18-GNV-1536x290.png 1536w, https:\/\/seal.transport-manager.net\/orizo\/wp-content\/uploads\/sites\/54\/2023\/12\/Iveco-Crealis-18-GNV-2048x387.png 2048w\" sizes=\"auto, (max-width: 1024px) 100vw, 1024px\" \/><\/a><\/figure><div class=\"wp-block-media-text__content\">\n<p>Iveco Bus Cr\u00e9alis 18 GNV<\/p>\n\n\n\n<p><span style=\"color:white;background-color:#9364cc;border-top-left-radius: 0.3em;border-bottom-right-radius:0.3em;padding-left:0.4em;padding-right:0.4em;padding-top:0.1em;padding-bottom:0.1em\"><strong>B2<\/strong><\/span><\/p>\n<\/div><\/div>\n\n\n\n<hr class=\"wp-block-separator has-alpha-channel-opacity\" \/>\n\n\n\n<div class=\"wp-block-media-text is-stacked-on-mobile\" style=\"grid-template-columns:48% auto\"><figure class=\"wp-block-media-text__media\"><a href=\"https:\/\/seal.transport-manager.net\/orizo\/wp-content\/uploads\/sites\/54\/2023\/12\/Iveco-Crealis-12-GNV-1.png\" target=\"_blank\" rel=\"noreferrer noopener\"><img loading=\"lazy\" decoding=\"async\" width=\"1024\" height=\"284\" src=\"https:\/\/seal.transport-manager.net\/orizo\/wp-content\/uploads\/sites\/54\/2023\/12\/Iveco-Crealis-12-GNV-1-1024x284.png\" alt=\"\" class=\"wp-image-1737 size-full\" srcset=\"https:\/\/seal.transport-manager.net\/orizo\/wp-content\/uploads\/sites\/54\/2023\/12\/Iveco-Crealis-12-GNV-1-1024x284.png 1024w, https:\/\/seal.transport-manager.net\/orizo\/wp-content\/uploads\/sites\/54\/2023\/12\/Iveco-Crealis-12-GNV-1-300x83.png 300w, https:\/\/seal.transport-manager.net\/orizo\/wp-content\/uploads\/sites\/54\/2023\/12\/Iveco-Crealis-12-GNV-1-768x213.png 768w, https:\/\/seal.transport-manager.net\/orizo\/wp-content\/uploads\/sites\/54\/2023\/12\/Iveco-Crealis-12-GNV-1-1536x426.png 1536w, https:\/\/seal.transport-manager.net\/orizo\/wp-content\/uploads\/sites\/54\/2023\/12\/Iveco-Crealis-12-GNV-1-2048x568.png 2048w\" sizes=\"auto, (max-width: 1024px) 100vw, 1024px\" \/><\/a><\/figure><div class=\"wp-block-media-text__content\">\n<p>Iveco Bus Cr\u00e9alis 12 GNV<\/p>\n\n\n\n<p><span style=\"color:white;background-color:#f1ab00;border-top-left-radius: 0.3em;border-bottom-right-radius:0.3em;padding-left:0.4em;padding-right:0.4em;padding-top:0.1em;padding-bottom:0.1em\"><strong>B3<\/strong><\/span><\/p>\n<\/div><\/div>\n\n\n\n<blockquote class=\"wp-block-quote is-layout-flow wp-block-quote-is-layout-flow\">\n<p> <\/p>\n<cite><em>Cliquez sur les images pour les afficher en grand<\/em><\/cite><\/blockquote>\n\n\n\n<hr class=\"wp-block-separator has-alpha-channel-opacity is-style-wide\" \/>\n\n\n\n<p>Ces livr\u00e9es rappellent par les couleurs choisies le r\u00e9seau Probourg, le design repr\u00e9sentant le mouvement, la fluidit\u00e9, la rapidit\u00e9. Les v\u00e9hicules seront \u00e9quip\u00e9s des baies basses, apportant plus de lumi\u00e8re \u00e0 l&rsquo;int\u00e9rieur des bus et \u00e0 terme recevront de nombreuses options telles que des ports USB (d\u00e9j\u00e0 d\u00e9ploy\u00e9s sur le r\u00e9seau) ou encore de l&rsquo;information voyageurs (sonore et visuelle).<\/p>\n\n\n\n<p>Le d\u00e9ploiement de ces v\u00e9hicules et du r\u00e9seau Bus+ est actuellement pr\u00e9vu pour cet hiver. Il n&rsquo;aura jamais \u00e9t\u00e9 aussi simple de se d\u00e9placer !<\/p>\n\n\n\n<p><span style=\"color:white;background-color:#000a2d;border-top-left-radius: 0.3em;border-bottom-right-radius:0.3em;padding-left:0.4em;padding-right:0.4em;padding-top:0.1em;padding-bottom:0.1em\">Probus<\/span> &#8211; Ensemble, prenons le bus !<\/p>\n","protected":false},"excerpt":{"rendered":"<p>Le projet Bus+, consistant \u00e0 faciliter vos d\u00e9placements, acc\u00e9l\u00e8re ! Apr\u00e8s avoir cr\u00e9\u00e9 des voies d\u00e9di\u00e9es \u00e0 la circulation des v\u00e9hicules de transport en commun cet \u00e9t\u00e9, Probus vous d\u00e9voile aujourd&rsquo;hui les v\u00e9hicules s\u00e9lectionn\u00e9s ainsi que leurs livr\u00e9es ! Pour rappel, dans un premier temps le projet concerne uniquement les [&hellip;]<\/p>\n","protected":false},"author":54,"featured_media":1727,"comment_status":"open","ping_status":"open","sticky":false,"template":"","format":"standard","meta":{"_EventAllDay":false,"_EventTimezone":"","_EventStartDate":"","_EventEndDate":"","_EventStartDateUTC":"","_EventEndDateUTC":"","_EventShowMap":false,"_EventShowMapLink":false,"_EventURL":"","_EventCost":"","_EventCostDescription":"","_EventCurrencySymbol":"","_EventCurrencyCode":"","_EventCurrencyPosition":"","_EventDateTimeSeparator":"","_EventTimeRangeSeparator":"","_EventOrganizerID":[],"_EventVenueID":[],"_OrganizerEmail":"","_OrganizerPhone":"","_OrganizerWebsite":"","_VenueAddress":"","_VenueCity":"","_VenueCountry":"","_VenueProvince":"","_VenueState":"","_VenueZip":"","_VenuePhone":"","_VenueURL":"","_VenueStateProvince":"","_VenueLat":"","_VenueLng":"","_VenueShowMap":false,"_VenueShowMapLink":false,"footnotes":""},"categories":[5,6],"tags":[26],"class_list":["post-1726","post","type-post","status-publish","format-standard","has-post-thumbnail","hentry","category-actualites","category-info-reseau","tag-bus-plus"],"_links":{"self":[{"href":"https:\/\/seal.transport-manager.net\/orizo\/wp-json\/wp\/v2\/posts\/1726","targetHints":{"allow":["GET"]}}],"collection":[{"href":"https:\/\/seal.transport-manager.net\/orizo\/wp-json\/wp\/v2\/posts"}],"about":[{"href":"https:\/\/seal.transport-manager.net\/orizo\/wp-json\/wp\/v2\/types\/post"}],"author":[{"embeddable":true,"href":"https:\/\/seal.transport-manager.net\/orizo\/wp-json\/wp\/v2\/users\/54"}],"replies":[{"embeddable":true,"href":"https:\/\/seal.transport-manager.net\/orizo\/wp-json\/wp\/v2\/comments?post=1726"}],"version-history":[{"count":8,"href":"https:\/\/seal.transport-manager.net\/orizo\/wp-json\/wp\/v2\/posts\/1726\/revisions"}],"predecessor-version":[{"id":1738,"href":"https:\/\/seal.transport-manager.net\/orizo\/wp-json\/wp\/v2\/posts\/1726\/revisions\/1738"}],"wp:featuredmedia":[{"embeddable":true,"href":"https:\/\/seal.transport-manager.net\/orizo\/wp-json\/wp\/v2\/media\/1727"}],"wp:attachment":[{"href":"https:\/\/seal.transport-manager.net\/orizo\/wp-json\/wp\/v2\/media?parent=1726"}],"wp:term":[{"taxonomy":"category","embeddable":true,"href":"https:\/\/seal.transport-manager.net\/orizo\/wp-json\/wp\/v2\/categories?post=1726"},{"taxonomy":"post_tag","embeddable":true,"href":"https:\/\/seal.transport-manager.net\/orizo\/wp-json\/wp\/v2\/tags?post=1726"}],"curies":[{"name":"wp","href":"https:\/\/api.w.org\/{rel}","templated":true}]}}