{"id":1766,"date":"2023-12-25T11:01:04","date_gmt":"2023-12-25T10:01:04","guid":{"rendered":"https:\/\/seal.transport-manager.net\/orizo\/?p=1766"},"modified":"2023-12-25T11:01:05","modified_gmt":"2023-12-25T10:01:05","slug":"reseau-de-nuit-reveillon","status":"publish","type":"post","link":"https:\/\/seal.transport-manager.net\/orizo\/actualites\/2023\/12\/25\/1766\/","title":{"rendered":"R\u00e9seau de nuit r\u00e9veillon"},"content":{"rendered":"\n<div class=\"wp-block-group alignwide\"><div class=\"wp-block-group__inner-container is-layout-constrained wp-block-group-is-layout-constrained\">\n<p>Le nouvel an approche ! \u00c0 cette occasion, l&rsquo;Agglom\u00e9ration organise de nombreuses festivit\u00e9s, dont le c\u00e9l\u00e8bre feu d&rsquo;artifice de la Place de l&rsquo;Europe.<\/p>\n\n\n\n<div data-wp-interactive=\"core\/file\" class=\"wp-block-file alignleft\"><object data-wp-bind--hidden=\"!state.hasPdfPreview\" hidden class=\"wp-block-file__embed\" data=\"https:\/\/seal.transport-manager.net\/orizo\/wp-content\/uploads\/sites\/54\/2023\/12\/FH_2023-24.pdf\" type=\"application\/pdf\" style=\"width:100%;height:600px\" aria-label=\"Contenu embarqu\u00e9 FH_2023-24_L801-802-803.\"><\/object><a id=\"wp-block-file--media-c69b0e1a-480c-40ce-9938-4209d8b9394e\" href=\"https:\/\/seal.transport-manager.net\/orizo\/wp-content\/uploads\/sites\/54\/2023\/12\/FH_2023-24.pdf\" target=\"_blank\" rel=\"noreferrer noopener\">FH_2023-24_L801-802-803<\/a><\/div>\n\n\n\n<p>Pour faciliter vos d\u00e9placements, Probus mettra en place lors de la nuit du 31 d\u00e9cembre au 1er janvier trois lignes gratuites avec pour point central la Place de l&rsquo;Europe. Celle-ci sera reli\u00e9e au Mus\u00e9e d&rsquo;Art Moderne, \u00e0 l&rsquo;H\u00f4tel de Police, \u00e0 la Clinique Saint-Paul et aux campus A. Turing et M. Gautier. Les horaires de ces lignes sont disponibles ci-contre.<\/p>\n\n\n\n<p>Les autres lignes du r\u00e9seau circuleront aux\u00a0<a href=\"https:\/\/seal.transport-manager.net\/orizo\/notre-reseau\/\"><strong>horaires habituels<\/strong><\/a>, et, cerise sur le g\u00e2teau, elles seront gratuites \u00e0 partir du 31 d\u00e9cembre 23 heures, et ce jusqu&rsquo;au lendemain 6 heures. N&rsquo;oubliez pas de faire attention \u00e0 vous et \u00e0 vos proches, quand on tient \u00e0 quelqu\u2019un, on le retient !<\/p>\n\n\n\n<figure class=\"wp-block-image size-large\"><img loading=\"lazy\" decoding=\"async\" width=\"1024\" height=\"661\" src=\"https:\/\/seal.transport-manager.net\/orizo\/wp-content\/uploads\/sites\/54\/2023\/12\/Nuit-N2_Plan-general-1024x661.png\" alt=\"\" class=\"wp-image-1768\" srcset=\"https:\/\/seal.transport-manager.net\/orizo\/wp-content\/uploads\/sites\/54\/2023\/12\/Nuit-N2_Plan-general-1024x661.png 1024w, https:\/\/seal.transport-manager.net\/orizo\/wp-content\/uploads\/sites\/54\/2023\/12\/Nuit-N2_Plan-general-300x194.png 300w, https:\/\/seal.transport-manager.net\/orizo\/wp-content\/uploads\/sites\/54\/2023\/12\/Nuit-N2_Plan-general-768x496.png 768w, https:\/\/seal.transport-manager.net\/orizo\/wp-content\/uploads\/sites\/54\/2023\/12\/Nuit-N2_Plan-general-1536x991.png 1536w, https:\/\/seal.transport-manager.net\/orizo\/wp-content\/uploads\/sites\/54\/2023\/12\/Nuit-N2_Plan-general-2048x1322.png 2048w\" sizes=\"auto, (max-width: 1024px) 100vw, 1024px\" \/><figcaption class=\"wp-element-caption\"><a href=\"https:\/\/seal.transport-manager.net\/orizo\/wp-content\/uploads\/sites\/54\/2023\/12\/Nuit.pdf\" data-type=\"attachment\" data-id=\"1764\">Agrandir le plan<\/a><\/figcaption><\/figure>\n\n\n\n<p>Toutes les \u00e9quipes de Probus vous souhaitent d&rsquo;agr\u00e9ables et chaleureuses f\u00eates de fin d&rsquo;ann\u00e9e !<\/p>\n\n\n\n<p>\u00c0 l&rsquo;ann\u00e9e prochaine pour de nombreuses nouveaut\u00e9s sur le r\u00e9seau !<\/p>\n<\/div><\/div>\n","protected":false},"excerpt":{"rendered":"<p>Le nouvel an approche ! \u00c0 cette occasion, l&rsquo;Agglom\u00e9ration organise de nombreuses festivit\u00e9s, dont le c\u00e9l\u00e8bre feu d&rsquo;artifice de la Place de l&rsquo;Europe. Pour faciliter vos d\u00e9placements, Probus mettra en place lors de la nuit du 31 d\u00e9cembre au 1er janvier trois lignes gratuites avec pour point central la Place [&hellip;]<\/p>\n","protected":false},"author":54,"featured_media":1767,"comment_status":"closed","ping_status":"closed","sticky":false,"template":"","format":"standard","meta":{"_EventAllDay":false,"_EventTimezone":"","_EventStartDate":"","_EventEndDate":"","_EventStartDateUTC":"","_EventEndDateUTC":"","_EventShowMap":false,"_EventShowMapLink":false,"_EventURL":"","_EventCost":"","_EventCostDescription":"","_EventCurrencySymbol":"","_EventCurrencyCode":"","_EventCurrencyPosition":"","_EventDateTimeSeparator":"","_EventTimeRangeSeparator":"","_EventOrganizerID":[],"_EventVenueID":[],"_OrganizerEmail":"","_OrganizerPhone":"","_OrganizerWebsite":"","_VenueAddress":"","_VenueCity":"","_VenueCountry":"","_VenueProvince":"","_VenueState":"","_VenueZip":"","_VenuePhone":"","_VenueURL":"","_VenueStateProvince":"","_VenueLat":"","_VenueLng":"","_VenueShowMap":false,"_VenueShowMapLink":false,"footnotes":""},"categories":[5,8,6],"tags":[10,11,12,15,16,29,30,31],"class_list":["post-1766","post","type-post","status-publish","format-standard","has-post-thumbnail","hentry","category-actualites","category-fetes","category-info-reseau","tag-10","tag-11","tag-12","tag-15","tag-16","tag-29","tag-30","tag-31"],"_links":{"self":[{"href":"https:\/\/seal.transport-manager.net\/orizo\/wp-json\/wp\/v2\/posts\/1766","targetHints":{"allow":["GET"]}}],"collection":[{"href":"https:\/\/seal.transport-manager.net\/orizo\/wp-json\/wp\/v2\/posts"}],"about":[{"href":"https:\/\/seal.transport-manager.net\/orizo\/wp-json\/wp\/v2\/types\/post"}],"author":[{"embeddable":true,"href":"https:\/\/seal.transport-manager.net\/orizo\/wp-json\/wp\/v2\/users\/54"}],"replies":[{"embeddable":true,"href":"https:\/\/seal.transport-manager.net\/orizo\/wp-json\/wp\/v2\/comments?post=1766"}],"version-history":[{"count":5,"href":"https:\/\/seal.transport-manager.net\/orizo\/wp-json\/wp\/v2\/posts\/1766\/revisions"}],"predecessor-version":[{"id":1773,"href":"https:\/\/seal.transport-manager.net\/orizo\/wp-json\/wp\/v2\/posts\/1766\/revisions\/1773"}],"wp:featuredmedia":[{"embeddable":true,"href":"https:\/\/seal.transport-manager.net\/orizo\/wp-json\/wp\/v2\/media\/1767"}],"wp:attachment":[{"href":"https:\/\/seal.transport-manager.net\/orizo\/wp-json\/wp\/v2\/media?parent=1766"}],"wp:term":[{"taxonomy":"category","embeddable":true,"href":"https:\/\/seal.transport-manager.net\/orizo\/wp-json\/wp\/v2\/categories?post=1766"},{"taxonomy":"post_tag","embeddable":true,"href":"https:\/\/seal.transport-manager.net\/orizo\/wp-json\/wp\/v2\/tags?post=1766"}],"curies":[{"name":"wp","href":"https:\/\/api.w.org\/{rel}","templated":true}]}}