{"id":1942,"date":"2024-11-09T23:12:33","date_gmt":"2024-11-09T22:12:33","guid":{"rendered":"https:\/\/seal.transport-manager.net\/orizo\/?p=1942"},"modified":"2024-11-09T23:12:33","modified_gmt":"2024-11-09T22:12:33","slug":"la-magie-de-noel-avec-la-ligne-813","status":"publish","type":"post","link":"https:\/\/seal.transport-manager.net\/orizo\/actualites\/2024\/11\/09\/1942\/","title":{"rendered":"La magie de No\u00ebl avec la ligne 813"},"content":{"rendered":"\n<p>Cette ann\u00e9e encore, la magie de No\u00ebl s&rsquo;invite \u00e0 Probourg ! Profitez d&rsquo;un moment shopping dans les rues commer\u00e7antes, de vos attractions favorites et d&rsquo;un magnifique spectacle son et lumi\u00e8re \u00e0 la Cath\u00e9drale du 23 novembre au 24 d\u00e9cembre !<\/p>\n\n\n\n<p>Afin de faciliter vos d\u00e9placements dans ces moments, Probourg met en place la ligne <span style=\"color:#751056;background-color:white;border:0.05em #751056 solid;border-top-left-radius: 0.3em;border-bottom-right-radius:0.3em;padding-left:0.4em;padding-right:0.4em;padding-top:0.1em;padding-bottom:0.1em\">813<\/span> reliant la Gare Centrale <b><span style=\"color:white;background-color:#dc241f;border-top-left-radius: 0.3em;border-bottom-right-radius:0.3em;padding-left:0.4em;padding-right:0.4em;padding-top:0.1em;padding-bottom:0.1em\">B1<\/span><\/b> <b><span style=\"color:white;background-color:#9364cc;border-top-left-radius: 0.3em;border-bottom-right-radius:0.3em;padding-left:0.4em;padding-right:0.4em;padding-top:0.1em;padding-bottom:0.1em\">B2<\/span><\/b> <b><span style=\"color:white;background-color:#f1ab00;border-top-left-radius: 0.3em;border-bottom-right-radius:0.3em;padding-left:0.4em;padding-right:0.4em;padding-top:0.1em;padding-bottom:0.1em\">B3<\/span><\/b> <span style=\"color:white;background-color:#00afad;border-top-left-radius: 0.3em;border-bottom-right-radius:0.3em;padding-left:0.4em;padding-right:0.4em;padding-top:0.1em;padding-bottom:0.1em\">4<\/span> \u00e0 la Cath\u00e9drale en passant par les Halles <span style=\"color:white;background-color:#894e24;border-top-left-radius: 0.3em;border-bottom-right-radius:0.3em;padding-left:0.4em;padding-right:0.4em;padding-top:0.1em;padding-bottom:0.1em\">6<\/span> ou encore le Grand Palais <span style=\"color:white;background-color:#894e24;border-top-left-radius: 0.3em;border-bottom-right-radius:0.3em;padding-left:0.4em;padding-right:0.4em;padding-top:0.1em;padding-bottom:0.1em\">6<\/span> <span style=\"color:white;background-color:#007229;border-top-left-radius: 0.3em;border-bottom-right-radius:0.3em;padding-left:0.4em;padding-right:0.4em;padding-top:0.1em;padding-bottom:0.1em\">7<\/span>.<\/p>\n\n\n\n<figure class=\"wp-block-image size-full\"><img loading=\"lazy\" decoding=\"async\" width=\"1477\" height=\"1084\" src=\"https:\/\/seal.transport-manager.net\/orizo\/wp-content\/uploads\/sites\/54\/2024\/11\/Ligne-813_Zoom-ligne_Zoom-ligne-1.png\" alt=\"\" class=\"wp-image-1950\" srcset=\"https:\/\/seal.transport-manager.net\/orizo\/wp-content\/uploads\/sites\/54\/2024\/11\/Ligne-813_Zoom-ligne_Zoom-ligne-1.png 1477w, https:\/\/seal.transport-manager.net\/orizo\/wp-content\/uploads\/sites\/54\/2024\/11\/Ligne-813_Zoom-ligne_Zoom-ligne-1-300x220.png 300w, https:\/\/seal.transport-manager.net\/orizo\/wp-content\/uploads\/sites\/54\/2024\/11\/Ligne-813_Zoom-ligne_Zoom-ligne-1-1024x752.png 1024w, https:\/\/seal.transport-manager.net\/orizo\/wp-content\/uploads\/sites\/54\/2024\/11\/Ligne-813_Zoom-ligne_Zoom-ligne-1-768x564.png 768w\" sizes=\"auto, (max-width: 1477px) 100vw, 1477px\" \/><\/figure>\n\n\n\n<p>Les fr\u00e9quences de passage des bus sont indiqu\u00e9es ci-dessous :<\/p>\n\n\n\n<figure class=\"wp-block-image size-full\"><img loading=\"lazy\" decoding=\"async\" width=\"972\" height=\"350\" src=\"https:\/\/seal.transport-manager.net\/orizo\/wp-content\/uploads\/sites\/54\/2024\/11\/image.png\" alt=\"\" class=\"wp-image-1948\" srcset=\"https:\/\/seal.transport-manager.net\/orizo\/wp-content\/uploads\/sites\/54\/2024\/11\/image.png 972w, https:\/\/seal.transport-manager.net\/orizo\/wp-content\/uploads\/sites\/54\/2024\/11\/image-300x108.png 300w, https:\/\/seal.transport-manager.net\/orizo\/wp-content\/uploads\/sites\/54\/2024\/11\/image-768x277.png 768w\" sizes=\"auto, (max-width: 972px) 100vw, 972px\" \/><figcaption class=\"wp-element-caption\">\u00c0 noter que le 24 d\u00e9cembre le dernier d\u00e9part aura lieu \u00e0 17h45.<\/figcaption><\/figure>\n\n\n\n<p>Toutes les \u00e9quipes de Probus vous souhaitent de tr\u00e8s belles f\u00eates de fin d&rsquo;ann\u00e9e !<\/p>\n","protected":false},"excerpt":{"rendered":"<p>Cette ann\u00e9e encore, la magie de No\u00ebl s&rsquo;invite \u00e0 Probourg ! Profitez d&rsquo;un moment shopping dans les rues commer\u00e7antes, de vos attractions favorites et d&rsquo;un magnifique spectacle son et lumi\u00e8re \u00e0 la Cath\u00e9drale du 23 novembre au 24 d\u00e9cembre ! Afin de faciliter vos d\u00e9placements dans ces moments, Probourg met [&hellip;]<\/p>\n","protected":false},"author":54,"featured_media":1943,"comment_status":"open","ping_status":"open","sticky":false,"template":"","format":"standard","meta":{"_EventAllDay":false,"_EventTimezone":"","_EventStartDate":"","_EventEndDate":"","_EventStartDateUTC":"","_EventEndDateUTC":"","_EventShowMap":false,"_EventShowMapLink":false,"_EventURL":"","_EventCost":"","_EventCostDescription":"","_EventCurrencySymbol":"","_EventCurrencyCode":"","_EventCurrencyPosition":"","_EventDateTimeSeparator":"","_EventTimeRangeSeparator":"","_EventOrganizerID":[],"_EventVenueID":[],"_OrganizerEmail":"","_OrganizerPhone":"","_OrganizerWebsite":"","_VenueAddress":"","_VenueCity":"","_VenueCountry":"","_VenueProvince":"","_VenueState":"","_VenueZip":"","_VenuePhone":"","_VenueURL":"","_VenueStateProvince":"","_VenueLat":"","_VenueLng":"","_VenueShowMap":false,"_VenueShowMapLink":false,"footnotes":""},"categories":[5,8,7,6],"tags":[28],"class_list":["post-1942","post","type-post","status-publish","format-standard","has-post-thumbnail","hentry","category-actualites","category-fetes","category-horaires","category-info-reseau","tag-ligne-813"],"_links":{"self":[{"href":"https:\/\/seal.transport-manager.net\/orizo\/wp-json\/wp\/v2\/posts\/1942","targetHints":{"allow":["GET"]}}],"collection":[{"href":"https:\/\/seal.transport-manager.net\/orizo\/wp-json\/wp\/v2\/posts"}],"about":[{"href":"https:\/\/seal.transport-manager.net\/orizo\/wp-json\/wp\/v2\/types\/post"}],"author":[{"embeddable":true,"href":"https:\/\/seal.transport-manager.net\/orizo\/wp-json\/wp\/v2\/users\/54"}],"replies":[{"embeddable":true,"href":"https:\/\/seal.transport-manager.net\/orizo\/wp-json\/wp\/v2\/comments?post=1942"}],"version-history":[{"count":3,"href":"https:\/\/seal.transport-manager.net\/orizo\/wp-json\/wp\/v2\/posts\/1942\/revisions"}],"predecessor-version":[{"id":1951,"href":"https:\/\/seal.transport-manager.net\/orizo\/wp-json\/wp\/v2\/posts\/1942\/revisions\/1951"}],"wp:featuredmedia":[{"embeddable":true,"href":"https:\/\/seal.transport-manager.net\/orizo\/wp-json\/wp\/v2\/media\/1943"}],"wp:attachment":[{"href":"https:\/\/seal.transport-manager.net\/orizo\/wp-json\/wp\/v2\/media?parent=1942"}],"wp:term":[{"taxonomy":"category","embeddable":true,"href":"https:\/\/seal.transport-manager.net\/orizo\/wp-json\/wp\/v2\/categories?post=1942"},{"taxonomy":"post_tag","embeddable":true,"href":"https:\/\/seal.transport-manager.net\/orizo\/wp-json\/wp\/v2\/tags?post=1942"}],"curies":[{"name":"wp","href":"https:\/\/api.w.org\/{rel}","templated":true}]}}