{"id":1962,"date":"2024-12-21T23:57:42","date_gmt":"2024-12-21T22:57:42","guid":{"rendered":"https:\/\/seal.transport-manager.net\/orizo\/?p=1962"},"modified":"2024-12-21T23:57:42","modified_gmt":"2024-12-21T22:57:42","slug":"lignes-de-nuit","status":"publish","type":"post","link":"https:\/\/seal.transport-manager.net\/orizo\/actualites\/2024\/12\/21\/1962\/","title":{"rendered":"Lignes de Nuit"},"content":{"rendered":"\n<div class=\"wp-block-columns alignwide is-layout-flex wp-container-core-columns-is-layout-28f84493 wp-block-columns-is-layout-flex\">\n<div class=\"wp-block-column is-layout-flow wp-block-column-is-layout-flow\" style=\"flex-basis:33%\">\n<figure class=\"wp-block-image size-full is-resized\"><img loading=\"lazy\" decoding=\"async\" width=\"640\" height=\"1689\" src=\"https:\/\/seal.transport-manager.net\/orizo\/wp-content\/uploads\/sites\/54\/2024\/12\/Plan-de-travail-7.png\" alt=\"\" class=\"wp-image-1964\" style=\"width:244px;height:auto\" srcset=\"https:\/\/seal.transport-manager.net\/orizo\/wp-content\/uploads\/sites\/54\/2024\/12\/Plan-de-travail-7.png 640w, https:\/\/seal.transport-manager.net\/orizo\/wp-content\/uploads\/sites\/54\/2024\/12\/Plan-de-travail-7-114x300.png 114w, https:\/\/seal.transport-manager.net\/orizo\/wp-content\/uploads\/sites\/54\/2024\/12\/Plan-de-travail-7-388x1024.png 388w, https:\/\/seal.transport-manager.net\/orizo\/wp-content\/uploads\/sites\/54\/2024\/12\/Plan-de-travail-7-582x1536.png 582w\" sizes=\"auto, (max-width: 640px) 100vw, 640px\" \/><\/figure>\n<\/div>\n\n\n\n<div class=\"wp-block-column is-layout-flow wp-block-column-is-layout-flow\" style=\"flex-basis:67%\">\n<p>Les soir\u00e9es des 24 et 31 d\u00e9cembre, Probus met en place les lignes 801 802 et 803 pour vous aider \u00e0 vous d\u00e9placer.<\/p>\n\n\n\n<p>Celles-ci effectuent les itin\u00e9raires suivants :<\/p>\n\n\n\n<ul class=\"wp-block-list\">\n<li>801 &#8211; Mus\u00e9e d&rsquo;Art Moderne &lt;&gt; Campus M. Gautier\n<ul class=\"wp-block-list\">\n<li>Itin\u00e9raire de la ligne 5 de Mus\u00e9e d&rsquo;Art Moderne \u00e0 Gare de l&rsquo;Ouest<\/li>\n\n\n\n<li>Itin\u00e9raire de la ligne 61 de Gare de l&rsquo;Ouest \u00e0 Parc Jolimont<\/li>\n\n\n\n<li>Itin\u00e9raire de la ligne B3 de Parc Jolimont \u00e0 Campus M. Gautier<\/li>\n<\/ul>\n<\/li>\n\n\n\n<li>802 &#8211; H\u00f4tel de Police &lt;&gt; Clinique Saint Paul\n<ul class=\"wp-block-list\">\n<li>Itin\u00e9raire de la ligne B2 de H\u00f4tel de Police \u00e0 Gare Centrale<\/li>\n\n\n\n<li>Itin\u00e9raire de la ligne 4 de Gare Centrale \u00e0 Clinique Saint Paul<\/li>\n<\/ul>\n<\/li>\n\n\n\n<li>803 &#8211; Campus A. Turing &lt;&gt; Place de l&rsquo;Europe\n<ul class=\"wp-block-list\">\n<li>Itin\u00e9raire de la ligne B1 de Campus A. Turing \u00e0 H\u00f4tel de R\u00e9gion<\/li>\n\n\n\n<li>De H\u00f4tel de R\u00e9gion \u00e0 Place de l&rsquo;Europe par la rue des \u00c9rables et le pont des arts.<\/li>\n<\/ul>\n<\/li>\n<\/ul>\n\n\n\n<p>Ces trois lignes passeront toutes les 30 minutes, et se croiseront \u00e0 h27 et h57 \u00e0 la Place de l&rsquo;Europe.<\/p>\n\n\n\n<p>Pour ces deux nuits, le r\u00e9seau sera enti\u00e8rement gratuit de 23h30 \u00e0 5h30, pour vous permettre de vous d\u00e9placer sans souci.<\/p>\n\n\n\n<p>Toutes les \u00e9quipes de Probus vous souhaitent de belles f\u00eates de fin d&rsquo;ann\u00e9e !<\/p>\n<\/div>\n<\/div>\n","protected":false},"excerpt":{"rendered":"<p>Les soir\u00e9es des 24 et 31 d\u00e9cembre, Probus met en place les lignes 801 802 et 803 pour vous aider \u00e0 vous d\u00e9placer. Celles-ci effectuent les itin\u00e9raires suivants : Ces trois lignes passeront toutes les 30 minutes, et se croiseront \u00e0 h27 et h57 \u00e0 la Place de l&rsquo;Europe. Pour [&hellip;]<\/p>\n","protected":false},"author":54,"featured_media":1966,"comment_status":"closed","ping_status":"open","sticky":false,"template":"","format":"standard","meta":{"_EventAllDay":false,"_EventTimezone":"","_EventStartDate":"","_EventEndDate":"","_EventStartDateUTC":"","_EventEndDateUTC":"","_EventShowMap":false,"_EventShowMapLink":false,"_EventURL":"","_EventCost":"","_EventCostDescription":"","_EventCurrencySymbol":"","_EventCurrencyCode":"","_EventCurrencyPosition":"","_EventDateTimeSeparator":"","_EventTimeRangeSeparator":"","_EventOrganizerID":[],"_EventVenueID":[],"_OrganizerEmail":"","_OrganizerPhone":"","_OrganizerWebsite":"","_VenueAddress":"","_VenueCity":"","_VenueCountry":"","_VenueProvince":"","_VenueState":"","_VenueZip":"","_VenuePhone":"","_VenueURL":"","_VenueStateProvince":"","_VenueLat":"","_VenueLng":"","_VenueShowMap":false,"_VenueShowMapLink":false,"footnotes":""},"categories":[5,8,7,6],"tags":[34,35,13,15,16,36,37,17,32,29,30,31,33,41,42,43],"class_list":["post-1962","post","type-post","status-publish","format-standard","has-post-thumbnail","hentry","category-actualites","category-fetes","category-horaires","category-info-reseau","tag-34","tag-35","tag-13","tag-15","tag-16","tag-36","tag-37","tag-17","tag-32","tag-29","tag-30","tag-31","tag-ligne-9","tag-b1","tag-b2","tag-b3"],"_links":{"self":[{"href":"https:\/\/seal.transport-manager.net\/orizo\/wp-json\/wp\/v2\/posts\/1962","targetHints":{"allow":["GET"]}}],"collection":[{"href":"https:\/\/seal.transport-manager.net\/orizo\/wp-json\/wp\/v2\/posts"}],"about":[{"href":"https:\/\/seal.transport-manager.net\/orizo\/wp-json\/wp\/v2\/types\/post"}],"author":[{"embeddable":true,"href":"https:\/\/seal.transport-manager.net\/orizo\/wp-json\/wp\/v2\/users\/54"}],"replies":[{"embeddable":true,"href":"https:\/\/seal.transport-manager.net\/orizo\/wp-json\/wp\/v2\/comments?post=1962"}],"version-history":[{"count":2,"href":"https:\/\/seal.transport-manager.net\/orizo\/wp-json\/wp\/v2\/posts\/1962\/revisions"}],"predecessor-version":[{"id":1967,"href":"https:\/\/seal.transport-manager.net\/orizo\/wp-json\/wp\/v2\/posts\/1962\/revisions\/1967"}],"wp:featuredmedia":[{"embeddable":true,"href":"https:\/\/seal.transport-manager.net\/orizo\/wp-json\/wp\/v2\/media\/1966"}],"wp:attachment":[{"href":"https:\/\/seal.transport-manager.net\/orizo\/wp-json\/wp\/v2\/media?parent=1962"}],"wp:term":[{"taxonomy":"category","embeddable":true,"href":"https:\/\/seal.transport-manager.net\/orizo\/wp-json\/wp\/v2\/categories?post=1962"},{"taxonomy":"post_tag","embeddable":true,"href":"https:\/\/seal.transport-manager.net\/orizo\/wp-json\/wp\/v2\/tags?post=1962"}],"curies":[{"name":"wp","href":"https:\/\/api.w.org\/{rel}","templated":true}]}}