{"id":2151,"date":"2025-06-11T07:28:31","date_gmt":"2025-06-11T05:28:31","guid":{"rendered":"https:\/\/seal.transport-manager.net\/orizo\/?p=2151"},"modified":"2025-06-11T07:28:32","modified_gmt":"2025-06-11T05:28:32","slug":"decouvrez-vos-nouveaux-bus-electriques","status":"publish","type":"post","link":"https:\/\/seal.transport-manager.net\/orizo\/actualites\/2025\/06\/11\/2151\/","title":{"rendered":"D\u00e9couvrez vos nouveaux bus \u00e9lectriques"},"content":{"rendered":"\n<p>Dans l&rsquo;optique de r\u00e9duire les \u00e9missions de gaz \u00e0 effet de serre, la RTPA a acquis 15 v\u00e9hicules \u00e9lectriques Heuliez GX 137 L Elec.<\/p>\n\n\n\n<p>Ces v\u00e9hicules, d&rsquo;une longueur de 10 m\u00e8tres, vont permettre d&rsquo;am\u00e9liorer la qualit\u00e9 de l&rsquo;air et limiter les nuisances sonores aux abords de nos lignes.<\/p>\n\n\n\n<p>Depuis le mardi 10 mai, les lignes 62 et 64 sont \u00e0 100 % exploit\u00e9es avec des v\u00e9hicules \u00e9lectriques, et seront rejointes prochainement par la ligne 63.<\/p>\n\n\n\n<blockquote class=\"wp-block-quote is-layout-flow wp-block-quote-is-layout-flow\">\n<p>Le saviez-vous ?<\/p>\n\n\n\n<p>Selon la p\u00e9riode de circulation, les lignes 62, 63 et 64 peuvent repr\u00e9senter jusqu&rsquo;\u00e0 251 allers-retours quotidiens !<\/p>\n<\/blockquote>\n\n\n\n<p>Ces v\u00e9hicules vous proposeront tous les \u00e9quipements modernes qui serviront \u00e0 agr\u00e9menter vos trajets : ports USB, Wi-Fi, cam\u00e9ras de vid\u00e9oprotection et bien entendu les syst\u00e8mes d&rsquo;annonces \u00e0 bord.<\/p>\n\n\n\n<p>Nous vous souhaitons d&rsquo;agr\u00e9ables trajets sur nos lignes.<\/p>\n\n\n\n<p>RTPA &#8211; Ensemble, prenons le bus !<\/p>\n","protected":false},"excerpt":{"rendered":"<p>Dans l&rsquo;optique de r\u00e9duire les \u00e9missions de gaz \u00e0 effet de serre, la RTPA a acquis 15 v\u00e9hicules \u00e9lectriques Heuliez GX 137 L Elec. Ces v\u00e9hicules, d&rsquo;une longueur de 10 m\u00e8tres, vont permettre d&rsquo;am\u00e9liorer la qualit\u00e9 de l&rsquo;air et limiter les nuisances sonores aux abords de nos lignes. Depuis le [&hellip;]<\/p>\n","protected":false},"author":54,"featured_media":2152,"comment_status":"closed","ping_status":"open","sticky":false,"template":"","format":"standard","meta":{"_EventAllDay":false,"_EventTimezone":"","_EventStartDate":"","_EventEndDate":"","_EventStartDateUTC":"","_EventEndDateUTC":"","_EventShowMap":false,"_EventShowMapLink":false,"_EventURL":"","_EventCost":"","_EventCostDescription":"","_EventCurrencySymbol":"","_EventCurrencyCode":"","_EventCurrencyPosition":"","_EventDateTimeSeparator":"","_EventTimeRangeSeparator":"","_EventOrganizerID":[],"_EventVenueID":[],"_OrganizerEmail":"","_OrganizerPhone":"","_OrganizerWebsite":"","_VenueAddress":"","_VenueCity":"","_VenueCountry":"","_VenueProvince":"","_VenueState":"","_VenueZip":"","_VenuePhone":"","_VenueURL":"","_VenueStateProvince":"","_VenueLat":"","_VenueLng":"","_VenueShowMap":false,"_VenueShowMapLink":false,"footnotes":""},"categories":[5,6],"tags":[46,47,48],"class_list":["post-2151","post","type-post","status-publish","format-standard","has-post-thumbnail","hentry","category-actualites","category-info-reseau","tag-46","tag-47","tag-48"],"_links":{"self":[{"href":"https:\/\/seal.transport-manager.net\/orizo\/wp-json\/wp\/v2\/posts\/2151","targetHints":{"allow":["GET"]}}],"collection":[{"href":"https:\/\/seal.transport-manager.net\/orizo\/wp-json\/wp\/v2\/posts"}],"about":[{"href":"https:\/\/seal.transport-manager.net\/orizo\/wp-json\/wp\/v2\/types\/post"}],"author":[{"embeddable":true,"href":"https:\/\/seal.transport-manager.net\/orizo\/wp-json\/wp\/v2\/users\/54"}],"replies":[{"embeddable":true,"href":"https:\/\/seal.transport-manager.net\/orizo\/wp-json\/wp\/v2\/comments?post=2151"}],"version-history":[{"count":1,"href":"https:\/\/seal.transport-manager.net\/orizo\/wp-json\/wp\/v2\/posts\/2151\/revisions"}],"predecessor-version":[{"id":2153,"href":"https:\/\/seal.transport-manager.net\/orizo\/wp-json\/wp\/v2\/posts\/2151\/revisions\/2153"}],"wp:featuredmedia":[{"embeddable":true,"href":"https:\/\/seal.transport-manager.net\/orizo\/wp-json\/wp\/v2\/media\/2152"}],"wp:attachment":[{"href":"https:\/\/seal.transport-manager.net\/orizo\/wp-json\/wp\/v2\/media?parent=2151"}],"wp:term":[{"taxonomy":"category","embeddable":true,"href":"https:\/\/seal.transport-manager.net\/orizo\/wp-json\/wp\/v2\/categories?post=2151"},{"taxonomy":"post_tag","embeddable":true,"href":"https:\/\/seal.transport-manager.net\/orizo\/wp-json\/wp\/v2\/tags?post=2151"}],"curies":[{"name":"wp","href":"https:\/\/api.w.org\/{rel}","templated":true}]}}