{"id":2170,"date":"2025-06-14T21:37:00","date_gmt":"2025-06-14T19:37:00","guid":{"rendered":"https:\/\/seal.transport-manager.net\/orizo\/?p=2170"},"modified":"2025-06-14T21:37:00","modified_gmt":"2025-06-14T19:37:00","slug":"parc-verlaine-en-musique-le-21-juin","status":"publish","type":"post","link":"https:\/\/seal.transport-manager.net\/orizo\/actualites\/2025\/06\/14\/2170\/","title":{"rendered":"Parc Verlaine en musique le 21 juin"},"content":{"rendered":"\n<p>Le 21 juin, faites de la musique ! \u00c0 l&rsquo;occasion de la f\u00eate de la musique, plusieurs concerts sont organis\u00e9s au Parc Verlaine.<\/p>\n\n\n\n<p>Afin de permettre au plus grand nombre de s&rsquo;y rendre, RTPA met en place la ligne 809. De 18h30 \u00e0 2h30, un bus toutes les 10 minutes entre la Gare Centrale et le Parc Verlaine.<\/p>\n\n\n\n<p>Retrouvez tous les horaires dans la fiche horaire ou sur notre <a href=\"https:\/\/rtpa.pythonanywhere.com\/rtpa\/\">moteur de recherche<\/a>. Vous pouvez \u00e9galement l&rsquo;utiliser pour calculer les itin\u00e9raires en correspondance pour vous rendre \u00e0 la f\u00eate !<\/p>\n\n\n\n<blockquote class=\"wp-block-quote is-layout-flow wp-block-quote-is-layout-flow\">\n<p>La d\u00e9tention d&rsquo;un titre de transport valide est obligatoire pour voyager sur la ligne 809.<\/p>\n\n\n\n<p>Attention, pas de vente \u00e0 bord du bus en direction du Parc Verlaine. Pr\u00e9voyez l&rsquo;achat de votre titre en agence ou aupr\u00e8s de nos d\u00e9positaires.<\/p>\n<\/blockquote>\n\n\n\n<div class=\"wp-block-columns alignwide is-layout-flex wp-container-core-columns-is-layout-28f84493 wp-block-columns-is-layout-flex\">\n<div class=\"wp-block-column is-layout-flow wp-block-column-is-layout-flow\" style=\"flex-basis:30%\">\n<figure class=\"wp-block-image size-large\"><a href=\"https:\/\/seal.transport-manager.net\/orizo\/wp-content\/uploads\/sites\/54\/2025\/06\/L809_2025_06_21.pdf\" target=\"_blank\" rel=\" noreferrer noopener\"><img loading=\"lazy\" decoding=\"async\" width=\"682\" height=\"1024\" src=\"https:\/\/seal.transport-manager.net\/orizo\/wp-content\/uploads\/sites\/54\/2025\/06\/L809_2025_06_21-682x1024.png\" alt=\"\" class=\"wp-image-2168\" srcset=\"https:\/\/seal.transport-manager.net\/orizo\/wp-content\/uploads\/sites\/54\/2025\/06\/L809_2025_06_21-682x1024.png 682w, https:\/\/seal.transport-manager.net\/orizo\/wp-content\/uploads\/sites\/54\/2025\/06\/L809_2025_06_21-200x300.png 200w, https:\/\/seal.transport-manager.net\/orizo\/wp-content\/uploads\/sites\/54\/2025\/06\/L809_2025_06_21-768x1152.png 768w, https:\/\/seal.transport-manager.net\/orizo\/wp-content\/uploads\/sites\/54\/2025\/06\/L809_2025_06_21-1024x1536.png 1024w, https:\/\/seal.transport-manager.net\/orizo\/wp-content\/uploads\/sites\/54\/2025\/06\/L809_2025_06_21.png 1181w\" sizes=\"auto, (max-width: 682px) 100vw, 682px\" \/><\/a><\/figure>\n<\/div>\n\n\n\n<div class=\"wp-block-column is-layout-flow wp-block-column-is-layout-flow\" style=\"flex-basis:50%\">\n<div data-wp-interactive=\"core\/file\" class=\"wp-block-file\"><object data-wp-bind--hidden=\"!state.hasPdfPreview\" hidden class=\"wp-block-file__embed\" data=\"https:\/\/seal.transport-manager.net\/orizo\/wp-content\/uploads\/sites\/54\/2025\/06\/L809_2025_06_21.pdf\" type=\"application\/pdf\" style=\"width:100%;height:350px\" aria-label=\"Contenu embarqu\u00e9 L809_2025_06_21.\"><\/object><a id=\"wp-block-file--media-23bc91f3-72a5-44d2-b18e-c90a87be65e3\" href=\"https:\/\/seal.transport-manager.net\/orizo\/wp-content\/uploads\/sites\/54\/2025\/06\/L809_2025_06_21.pdf\" target=\"_blank\" rel=\"noreferrer noopener\">L809_2025_06_21<\/a><\/div>\n<\/div>\n<\/div>\n\n\n\n<p>Avec RTPA, passez une excellente f\u00eate de la musique !<\/p>\n\n\n\n<p>Ensemble, prenons le bus !<\/p>\n","protected":false},"excerpt":{"rendered":"<p>Le 21 juin, faites de la musique ! \u00c0 l&rsquo;occasion de la f\u00eate de la musique, plusieurs concerts sont organis\u00e9s au Parc Verlaine. Afin de permettre au plus grand nombre de s&rsquo;y rendre, RTPA met en place la ligne 809. De 18h30 \u00e0 2h30, un bus toutes les 10 minutes [&hellip;]<\/p>\n","protected":false},"author":54,"featured_media":2169,"comment_status":"closed","ping_status":"open","sticky":false,"template":"","format":"standard","meta":{"_EventAllDay":false,"_EventTimezone":"","_EventStartDate":"","_EventEndDate":"","_EventStartDateUTC":"","_EventEndDateUTC":"","_EventShowMap":false,"_EventShowMapLink":false,"_EventURL":"","_EventCost":"","_EventCostDescription":"","_EventCurrencySymbol":"","_EventCurrencyCode":"","_EventCurrencyPosition":"","_EventDateTimeSeparator":"","_EventTimeRangeSeparator":"","_EventOrganizerID":[],"_EventVenueID":[],"_OrganizerEmail":"","_OrganizerPhone":"","_OrganizerWebsite":"","_VenueAddress":"","_VenueCity":"","_VenueCountry":"","_VenueProvince":"","_VenueState":"","_VenueZip":"","_VenuePhone":"","_VenueURL":"","_VenueStateProvince":"","_VenueLat":"","_VenueLng":"","_VenueShowMap":false,"_VenueShowMapLink":false,"footnotes":""},"categories":[5,8,6],"tags":[14],"class_list":["post-2170","post","type-post","status-publish","format-standard","has-post-thumbnail","hentry","category-actualites","category-fetes","category-info-reseau","tag-14"],"_links":{"self":[{"href":"https:\/\/seal.transport-manager.net\/orizo\/wp-json\/wp\/v2\/posts\/2170","targetHints":{"allow":["GET"]}}],"collection":[{"href":"https:\/\/seal.transport-manager.net\/orizo\/wp-json\/wp\/v2\/posts"}],"about":[{"href":"https:\/\/seal.transport-manager.net\/orizo\/wp-json\/wp\/v2\/types\/post"}],"author":[{"embeddable":true,"href":"https:\/\/seal.transport-manager.net\/orizo\/wp-json\/wp\/v2\/users\/54"}],"replies":[{"embeddable":true,"href":"https:\/\/seal.transport-manager.net\/orizo\/wp-json\/wp\/v2\/comments?post=2170"}],"version-history":[{"count":1,"href":"https:\/\/seal.transport-manager.net\/orizo\/wp-json\/wp\/v2\/posts\/2170\/revisions"}],"predecessor-version":[{"id":2171,"href":"https:\/\/seal.transport-manager.net\/orizo\/wp-json\/wp\/v2\/posts\/2170\/revisions\/2171"}],"wp:featuredmedia":[{"embeddable":true,"href":"https:\/\/seal.transport-manager.net\/orizo\/wp-json\/wp\/v2\/media\/2169"}],"wp:attachment":[{"href":"https:\/\/seal.transport-manager.net\/orizo\/wp-json\/wp\/v2\/media?parent=2170"}],"wp:term":[{"taxonomy":"category","embeddable":true,"href":"https:\/\/seal.transport-manager.net\/orizo\/wp-json\/wp\/v2\/categories?post=2170"},{"taxonomy":"post_tag","embeddable":true,"href":"https:\/\/seal.transport-manager.net\/orizo\/wp-json\/wp\/v2\/tags?post=2170"}],"curies":[{"name":"wp","href":"https:\/\/api.w.org\/{rel}","templated":true}]}}