{"id":2217,"date":"2025-06-25T21:27:33","date_gmt":"2025-06-25T19:27:33","guid":{"rendered":"https:\/\/seal.transport-manager.net\/orizo\/?p=2217"},"modified":"2025-06-25T21:27:34","modified_gmt":"2025-06-25T19:27:34","slug":"tramway","status":"publish","type":"post","link":"https:\/\/seal.transport-manager.net\/orizo\/actualites\/2025\/06\/25\/2217\/","title":{"rendered":"Tramway"},"content":{"rendered":"\n<div class=\"wp-block-columns alignfull is-layout-flex wp-container-core-columns-is-layout-28f84493 wp-block-columns-is-layout-flex\">\n<div class=\"wp-block-column is-layout-flow wp-block-column-is-layout-flow\" style=\"flex-basis:5%\"><\/div>\n\n\n\n<div class=\"wp-block-column is-layout-flow wp-block-column-is-layout-flow\">\n<p class=\"has-large-font-size\">Participez au projet de tramway !<\/p>\n\n\n\n<p class=\"has-medium-font-size\">Afin d&rsquo;absorber le fort trafic sur l&rsquo;axe nord-est sud-ouest de Probourg, correspondant principalement \u00e0 la ligne B2, la cr\u00e9ation d&rsquo;une ligne de tramway est envisag\u00e9e.<\/p>\n\n\n\n<p class=\"has-medium-font-size\">Le calendrier pr\u00e9visionnel est le suivant :<br>&#8211; de juin 2025 \u00e0 octobre 2025 : \u00e9tudes techniques, concertations publiques, pr\u00e9paration du chantier<br>&#8211; de octobre 2025 \u00e0 novembre 2026 : travaux de voirie et construction d&rsquo;un d\u00e9p\u00f4t<br>&#8211; mise en service pr\u00e9vue pour l&rsquo;hiver 2026\/27<\/p>\n\n\n\n<p class=\"has-medium-font-size\">Pour mener \u00e0 bien ce projet, participez aux enqu\u00eates !<br>Consultez le projet et inscrivez vos remarques dans vos mairies de quartier.<\/p>\n\n\n\n<p class=\"has-medium-font-size\">Des r\u00e9unions publiques sont \u00e9galement organis\u00e9es :<\/p>\n\n\n\n<ul class=\"wp-block-list\">\n<li class=\"has-medium-font-size\">Les 4 et 5 juillet au Palais des Beaux-Arts<\/li>\n\n\n\n<li class=\"has-medium-font-size\">Les 11 et 12 juillet \u00e0 l&rsquo;H\u00f4tel de Police<\/li>\n\n\n\n<li class=\"has-medium-font-size\">Le 18 juillet \u00e0 la mairie annexe de 12<sup>\u00e8me<\/sup> arrondissement<\/li>\n\n\n\n<li class=\"has-medium-font-size\">Les 25 et 26 juillet \u00e0 la Chambre de Commerce<\/li>\n\n\n\n<li class=\"has-medium-font-size\">Les 1<sup>er<\/sup> et 2 ao\u00fbt \u00e0 la Salle des F\u00eates<\/li>\n\n\n\n<li class=\"has-medium-font-size\">Les 29, 30 et 31 ao\u00fbt au Z\u00e9nith<\/li>\n\n\n\n<li class=\"has-medium-font-size\">Le 5 septembre \u00e0 la Clinique Saint-Paul<\/li>\n\n\n\n<li class=\"has-medium-font-size\">Les 12 et 13 septembre au Palais des Beaux-Arts<\/li>\n<\/ul>\n\n\n\n<p class=\"has-medium-font-size\">Selon les besoins remont\u00e9s, des r\u00e9unions suppl\u00e9mentaires pourront \u00eatre organis\u00e9es.<\/p>\n\n\n\n<p class=\"has-medium-font-size\">N&rsquo;h\u00e9sitez \u00e9galement pas \u00e0 donner votre avis via le <a href=\"https:\/\/seal.transport-manager.net\/orizo\/a-propos\/contactez-nous\/\" data-type=\"page\" data-id=\"109\">formulaire de contact disponible sur notre site<\/a> ou en commentaire sur cette m\u00eame page !<\/p>\n\n\n\n<p class=\"has-medium-font-size\">Les services de la RTPA restent \u00e0 votre disposition pour tout renseignement compl\u00e9mentaire.<\/p>\n\n\n\n<p class=\"has-large-font-size\">+ rapide<br>+ fr\u00e9quent<br>+ confortable<br>+ s\u00fbr<br>Le tramway arrive !<\/p>\n<\/div>\n\n\n\n<div class=\"wp-block-column is-layout-flow wp-block-column-is-layout-flow\" style=\"flex-basis:5%\"><\/div>\n<\/div>\n","protected":false},"excerpt":{"rendered":"<p>Participez au projet de tramway ! Afin d&rsquo;absorber le fort trafic sur l&rsquo;axe nord-est sud-ouest de Probourg, correspondant principalement \u00e0 la ligne B2, la cr\u00e9ation d&rsquo;une ligne de tramway est envisag\u00e9e. Le calendrier pr\u00e9visionnel est le suivant :&#8211; de juin 2025 \u00e0 octobre 2025 : \u00e9tudes techniques, concertations publiques, pr\u00e9paration [&hellip;]<\/p>\n","protected":false},"author":54,"featured_media":2218,"comment_status":"open","ping_status":"open","sticky":false,"template":"","format":"standard","meta":{"_EventAllDay":false,"_EventTimezone":"","_EventStartDate":"","_EventEndDate":"","_EventStartDateUTC":"","_EventEndDateUTC":"","_EventShowMap":false,"_EventShowMapLink":false,"_EventURL":"","_EventCost":"","_EventCostDescription":"","_EventCurrencySymbol":"","_EventCurrencyCode":"","_EventCurrencyPosition":"","_EventDateTimeSeparator":"","_EventTimeRangeSeparator":"","_EventOrganizerID":[],"_EventVenueID":[],"_OrganizerEmail":"","_OrganizerPhone":"","_OrganizerWebsite":"","_VenueAddress":"","_VenueCity":"","_VenueCountry":"","_VenueProvince":"","_VenueState":"","_VenueZip":"","_VenuePhone":"","_VenueURL":"","_VenueStateProvince":"","_VenueLat":"","_VenueLng":"","_VenueShowMap":false,"_VenueShowMapLink":false,"footnotes":""},"categories":[5,6,9],"tags":[61],"class_list":["post-2217","post","type-post","status-publish","format-standard","has-post-thumbnail","hentry","category-actualites","category-info-reseau","category-info-trafic","tag-tram"],"_links":{"self":[{"href":"https:\/\/seal.transport-manager.net\/orizo\/wp-json\/wp\/v2\/posts\/2217","targetHints":{"allow":["GET"]}}],"collection":[{"href":"https:\/\/seal.transport-manager.net\/orizo\/wp-json\/wp\/v2\/posts"}],"about":[{"href":"https:\/\/seal.transport-manager.net\/orizo\/wp-json\/wp\/v2\/types\/post"}],"author":[{"embeddable":true,"href":"https:\/\/seal.transport-manager.net\/orizo\/wp-json\/wp\/v2\/users\/54"}],"replies":[{"embeddable":true,"href":"https:\/\/seal.transport-manager.net\/orizo\/wp-json\/wp\/v2\/comments?post=2217"}],"version-history":[{"count":1,"href":"https:\/\/seal.transport-manager.net\/orizo\/wp-json\/wp\/v2\/posts\/2217\/revisions"}],"predecessor-version":[{"id":2219,"href":"https:\/\/seal.transport-manager.net\/orizo\/wp-json\/wp\/v2\/posts\/2217\/revisions\/2219"}],"wp:featuredmedia":[{"embeddable":true,"href":"https:\/\/seal.transport-manager.net\/orizo\/wp-json\/wp\/v2\/media\/2218"}],"wp:attachment":[{"href":"https:\/\/seal.transport-manager.net\/orizo\/wp-json\/wp\/v2\/media?parent=2217"}],"wp:term":[{"taxonomy":"category","embeddable":true,"href":"https:\/\/seal.transport-manager.net\/orizo\/wp-json\/wp\/v2\/categories?post=2217"},{"taxonomy":"post_tag","embeddable":true,"href":"https:\/\/seal.transport-manager.net\/orizo\/wp-json\/wp\/v2\/tags?post=2217"}],"curies":[{"name":"wp","href":"https:\/\/api.w.org\/{rel}","templated":true}]}}