{"id":2227,"date":"2025-09-14T17:38:24","date_gmt":"2025-09-14T15:38:24","guid":{"rendered":"https:\/\/seal.transport-manager.net\/orizo\/?p=2227"},"modified":"2025-09-14T17:38:24","modified_gmt":"2025-09-14T15:38:24","slug":"journees-europeennes-du-patrimoine-2025","status":"publish","type":"post","link":"https:\/\/seal.transport-manager.net\/orizo\/actualites\/2025\/09\/14\/2227\/","title":{"rendered":"Journ\u00e9es Europ\u00e9ennes du Patrimoine 2025"},"content":{"rendered":"\n<div class=\"wp-block-columns alignwide is-layout-flex wp-container-core-columns-is-layout-28f84493 wp-block-columns-is-layout-flex\">\n<div class=\"wp-block-column is-vertically-aligned-center is-layout-flow wp-block-column-is-layout-flow\" style=\"flex-basis:50%\">\n<figure class=\"wp-block-image size-large\"><img loading=\"lazy\" decoding=\"async\" width=\"683\" height=\"1024\" src=\"https:\/\/seal.transport-manager.net\/orizo\/wp-content\/uploads\/sites\/54\/2025\/09\/Affiche-JEP2025-683x1024.png\" alt=\"\" class=\"wp-image-2229\" srcset=\"https:\/\/seal.transport-manager.net\/orizo\/wp-content\/uploads\/sites\/54\/2025\/09\/Affiche-JEP2025-683x1024.png 683w, https:\/\/seal.transport-manager.net\/orizo\/wp-content\/uploads\/sites\/54\/2025\/09\/Affiche-JEP2025-200x300.png 200w, https:\/\/seal.transport-manager.net\/orizo\/wp-content\/uploads\/sites\/54\/2025\/09\/Affiche-JEP2025-768x1152.png 768w, https:\/\/seal.transport-manager.net\/orizo\/wp-content\/uploads\/sites\/54\/2025\/09\/Affiche-JEP2025.png 945w\" sizes=\"auto, (max-width: 683px) 100vw, 683px\" \/><\/figure>\n<\/div>\n\n\n\n<div class=\"wp-block-column is-layout-flow wp-block-column-is-layout-flow\" style=\"flex-basis:20px\"><\/div>\n\n\n\n<div class=\"wp-block-column is-vertically-aligned-center is-layout-flow wp-block-column-is-layout-flow\" style=\"flex-basis:50%\">\n<p>\u00c0 l&rsquo;occasion des Journ\u00e9es Europ\u00e9ennes du Patrimoine 2025, organis\u00e9es du 20 au 21 septembre, la RTPA vous propose d&rsquo;assister au d\u00e9fil\u00e9 de notre autocar Renault PR 14 de 1982 en centre-ville.<\/p>\n\n\n\n<p>Le parcours sera r\u00e9alis\u00e9 trois fois durant la journ\u00e9e du dimanche 21 septembre.<\/p>\n\n\n\n<p>Ce parcours permettra de red\u00e9couvrir le patrimoine probourgeois, \u00e0 l&rsquo;occasion du th\u00e8me des JEP de cette ann\u00e9e \u00ab\u00a0Patrimoine Architectural\u00a0\u00bb.<\/p>\n\n\n\n<figure class=\"wp-block-image size-large\"><img loading=\"lazy\" decoding=\"async\" width=\"1024\" height=\"682\" src=\"https:\/\/seal.transport-manager.net\/orizo\/wp-content\/uploads\/sites\/54\/2025\/09\/PR14-1024x682.png\" alt=\"\" class=\"wp-image-2231\" srcset=\"https:\/\/seal.transport-manager.net\/orizo\/wp-content\/uploads\/sites\/54\/2025\/09\/PR14-1024x682.png 1024w, https:\/\/seal.transport-manager.net\/orizo\/wp-content\/uploads\/sites\/54\/2025\/09\/PR14-300x200.png 300w, https:\/\/seal.transport-manager.net\/orizo\/wp-content\/uploads\/sites\/54\/2025\/09\/PR14-768x512.png 768w, https:\/\/seal.transport-manager.net\/orizo\/wp-content\/uploads\/sites\/54\/2025\/09\/PR14-360x240.png 360w, https:\/\/seal.transport-manager.net\/orizo\/wp-content\/uploads\/sites\/54\/2025\/09\/PR14.png 1382w\" sizes=\"auto, (max-width: 1024px) 100vw, 1024px\" \/><\/figure>\n<\/div>\n<\/div>\n\n\n\n<figure class=\"wp-block-image size-large\"><a href=\"https:\/\/seal.transport-manager.net\/orizo\/wp-content\/uploads\/sites\/54\/2025\/09\/JEP2025.pdf\" target=\"_blank\" rel=\" noreferrer noopener\"><img loading=\"lazy\" decoding=\"async\" width=\"1024\" height=\"784\" src=\"https:\/\/seal.transport-manager.net\/orizo\/wp-content\/uploads\/sites\/54\/2025\/09\/Plan-JEP2025-1024x784.png\" alt=\"\" class=\"wp-image-2230\" srcset=\"https:\/\/seal.transport-manager.net\/orizo\/wp-content\/uploads\/sites\/54\/2025\/09\/Plan-JEP2025-1024x784.png 1024w, https:\/\/seal.transport-manager.net\/orizo\/wp-content\/uploads\/sites\/54\/2025\/09\/Plan-JEP2025-300x230.png 300w, https:\/\/seal.transport-manager.net\/orizo\/wp-content\/uploads\/sites\/54\/2025\/09\/Plan-JEP2025-768x588.png 768w, https:\/\/seal.transport-manager.net\/orizo\/wp-content\/uploads\/sites\/54\/2025\/09\/Plan-JEP2025-1536x1175.png 1536w, https:\/\/seal.transport-manager.net\/orizo\/wp-content\/uploads\/sites\/54\/2025\/09\/Plan-JEP2025-2048x1567.png 2048w\" sizes=\"auto, (max-width: 1024px) 100vw, 1024px\" \/><\/a><\/figure>\n\n\n\n<p>Le v\u00e9hicule s&rsquo;arr\u00eatera \u00e0 certains arr\u00eats selon les horaires suivants :<\/p>\n\n\n\n<figure class=\"wp-block-table is-style-stripes\"><table class=\"has-fixed-layout\"><thead><tr><th>Arr\u00eat<\/th><th>1<sup>er<\/sup> passage<\/th><th>2<sup>\u00e8me<\/sup> passage<\/th><th>3<sup>\u00e8me<\/sup> passage<\/th><\/tr><\/thead><tbody><tr><td>Gare Centrale<\/td><td>9:00<\/td><td>12:00<\/td><td>15:00<\/td><\/tr><tr><td>Palais des Beaux-Arts<\/td><td>9:10<\/td><td>12:10<\/td><td>15:10<\/td><\/tr><tr><td>Mus\u00e9e du Transport<\/td><td>9:30<\/td><td>12:30<\/td><td>15:30<\/td><\/tr><tr><td>Palais des Beaux-Arts<\/td><td>9:40<\/td><td>12:40<\/td><td>15:40<\/td><\/tr><tr><td>Grand Palais<\/td><td>10:00<\/td><td>13:00<\/td><td>16:00<\/td><\/tr><tr><td>Cath\u00e9drale<\/td><td>10:20<\/td><td>13:20<\/td><td>16:20<\/td><\/tr><tr><td>Champ de Mars<\/td><td>10:40<\/td><td>13:40<\/td><td>16:40<\/td><\/tr><tr><td>Pont des Arts<\/td><td>11:00<\/td><td>14:00<\/td><td>17:00<\/td><\/tr><tr><td>Ar\u00e8nes<\/td><td>11:20<\/td><td>14:20<\/td><td>17:20<\/td><\/tr><tr><td>Place de la Bourse<\/td><td>11:40<\/td><td>14:40<\/td><td>17:40<\/td><\/tr><tr><td>Gare Centrale<\/td><td>12:00<\/td><td>15:00<\/td><td>18:00<\/td><\/tr><\/tbody><\/table><\/figure>\n\n\n\n<p>Nous esp\u00e9rons vous trouver nombreux pour cet \u00e9v\u00e8nement, et pour tous les autres organis\u00e9s au sein de notre territoire.<\/p>\n\n\n\n<p>RTPA &#8211; Ensemble, prenons le bus !<\/p>\n","protected":false},"excerpt":{"rendered":"<p>\u00c0 l&rsquo;occasion des Journ\u00e9es Europ\u00e9ennes du Patrimoine 2025, organis\u00e9es du 20 au 21 septembre, la RTPA vous propose d&rsquo;assister au d\u00e9fil\u00e9 de notre autocar Renault PR 14 de 1982 en centre-ville. Le parcours sera r\u00e9alis\u00e9 trois fois durant la journ\u00e9e du dimanche 21 septembre. Ce parcours permettra de red\u00e9couvrir le [&hellip;]<\/p>\n","protected":false},"author":54,"featured_media":2228,"comment_status":"open","ping_status":"open","sticky":false,"template":"","format":"standard","meta":{"_EventAllDay":false,"_EventTimezone":"","_EventStartDate":"","_EventEndDate":"","_EventStartDateUTC":"","_EventEndDateUTC":"","_EventShowMap":false,"_EventShowMapLink":false,"_EventURL":"","_EventCost":"","_EventCostDescription":"","_EventCurrencySymbol":"","_EventCurrencyCode":"","_EventCurrencyPosition":"","_EventDateTimeSeparator":"","_EventTimeRangeSeparator":"","_EventOrganizerID":[],"_EventVenueID":[],"_OrganizerEmail":"","_OrganizerPhone":"","_OrganizerWebsite":"","_VenueAddress":"","_VenueCity":"","_VenueCountry":"","_VenueProvince":"","_VenueState":"","_VenueZip":"","_VenuePhone":"","_VenueURL":"","_VenueStateProvince":"","_VenueLat":"","_VenueLng":"","_VenueShowMap":false,"_VenueShowMapLink":false,"footnotes":""},"categories":[5,8,6],"tags":[],"class_list":["post-2227","post","type-post","status-publish","format-standard","has-post-thumbnail","hentry","category-actualites","category-fetes","category-info-reseau"],"_links":{"self":[{"href":"https:\/\/seal.transport-manager.net\/orizo\/wp-json\/wp\/v2\/posts\/2227","targetHints":{"allow":["GET"]}}],"collection":[{"href":"https:\/\/seal.transport-manager.net\/orizo\/wp-json\/wp\/v2\/posts"}],"about":[{"href":"https:\/\/seal.transport-manager.net\/orizo\/wp-json\/wp\/v2\/types\/post"}],"author":[{"embeddable":true,"href":"https:\/\/seal.transport-manager.net\/orizo\/wp-json\/wp\/v2\/users\/54"}],"replies":[{"embeddable":true,"href":"https:\/\/seal.transport-manager.net\/orizo\/wp-json\/wp\/v2\/comments?post=2227"}],"version-history":[{"count":3,"href":"https:\/\/seal.transport-manager.net\/orizo\/wp-json\/wp\/v2\/posts\/2227\/revisions"}],"predecessor-version":[{"id":2235,"href":"https:\/\/seal.transport-manager.net\/orizo\/wp-json\/wp\/v2\/posts\/2227\/revisions\/2235"}],"wp:featuredmedia":[{"embeddable":true,"href":"https:\/\/seal.transport-manager.net\/orizo\/wp-json\/wp\/v2\/media\/2228"}],"wp:attachment":[{"href":"https:\/\/seal.transport-manager.net\/orizo\/wp-json\/wp\/v2\/media?parent=2227"}],"wp:term":[{"taxonomy":"category","embeddable":true,"href":"https:\/\/seal.transport-manager.net\/orizo\/wp-json\/wp\/v2\/categories?post=2227"},{"taxonomy":"post_tag","embeddable":true,"href":"https:\/\/seal.transport-manager.net\/orizo\/wp-json\/wp\/v2\/tags?post=2227"}],"curies":[{"name":"wp","href":"https:\/\/api.w.org\/{rel}","templated":true}]}}