{"id":2439,"date":"2026-02-08T19:58:33","date_gmt":"2026-02-08T18:58:33","guid":{"rendered":"https:\/\/seal.transport-manager.net\/orizo\/?p=2439"},"modified":"2026-02-08T19:58:34","modified_gmt":"2026-02-08T18:58:34","slug":"tramway-les-travaux-avancent","status":"publish","type":"post","link":"https:\/\/seal.transport-manager.net\/orizo\/actualites\/2026\/02\/08\/2439\/","title":{"rendered":"Tramway : les travaux avancent"},"content":{"rendered":"\n<p>Les travaux avancent pour la ligne A du tramway !<\/p>\n\n\n\n<p>La premi\u00e8re phase, concernant le tron\u00e7on de la Gare Centrale \u00e0 la Place de l&rsquo;Europe est d\u00e9sormais termin\u00e9e. Les travaux continuent d\u00e9sormais sur les deux autres tron\u00e7ons, de la Gare Centrale \u00e0 la Clinique Saint-Paul et de la Place de l&rsquo;Europe \u00e0 l&rsquo;A\u00e9roport International, pour les trois prochains mois.<\/p>\n\n\n\n<p>La mise en service du tramway est toujours pr\u00e9vue pour le mois d&rsquo;ao\u00fbt, conform\u00e9ment au planning.<\/p>\n","protected":false},"excerpt":{"rendered":"<p>Les travaux avancent pour la ligne A du tramway ! La premi\u00e8re phase, concernant le tron\u00e7on de la Gare Centrale \u00e0 la Place de l&rsquo;Europe est d\u00e9sormais termin\u00e9e. Les travaux continuent d\u00e9sormais sur les deux autres tron\u00e7ons, de la Gare Centrale \u00e0 la Clinique Saint-Paul et de la Place de [&hellip;]<\/p>\n","protected":false},"author":54,"featured_media":2440,"comment_status":"open","ping_status":"open","sticky":false,"template":"","format":"standard","meta":{"_EventAllDay":false,"_EventTimezone":"","_EventStartDate":"","_EventEndDate":"","_EventStartDateUTC":"","_EventEndDateUTC":"","_EventShowMap":false,"_EventShowMapLink":false,"_EventURL":"","_EventCost":"","_EventCostDescription":"","_EventCurrencySymbol":"","_EventCurrencyCode":"","_EventCurrencyPosition":"","_EventDateTimeSeparator":"","_EventTimeRangeSeparator":"","_EventOrganizerID":[],"_EventVenueID":[],"_OrganizerEmail":"","_OrganizerPhone":"","_OrganizerWebsite":"","_VenueAddress":"","_VenueCity":"","_VenueCountry":"","_VenueProvince":"","_VenueState":"","_VenueZip":"","_VenuePhone":"","_VenueURL":"","_VenueStateProvince":"","_VenueLat":"","_VenueLng":"","_VenueShowMap":false,"_VenueShowMapLink":false,"footnotes":""},"categories":[5,6],"tags":[13,42,61],"class_list":["post-2439","post","type-post","status-publish","format-standard","has-post-thumbnail","hentry","category-actualites","category-info-reseau","tag-13","tag-b2","tag-tram"],"_links":{"self":[{"href":"https:\/\/seal.transport-manager.net\/orizo\/wp-json\/wp\/v2\/posts\/2439","targetHints":{"allow":["GET"]}}],"collection":[{"href":"https:\/\/seal.transport-manager.net\/orizo\/wp-json\/wp\/v2\/posts"}],"about":[{"href":"https:\/\/seal.transport-manager.net\/orizo\/wp-json\/wp\/v2\/types\/post"}],"author":[{"embeddable":true,"href":"https:\/\/seal.transport-manager.net\/orizo\/wp-json\/wp\/v2\/users\/54"}],"replies":[{"embeddable":true,"href":"https:\/\/seal.transport-manager.net\/orizo\/wp-json\/wp\/v2\/comments?post=2439"}],"version-history":[{"count":1,"href":"https:\/\/seal.transport-manager.net\/orizo\/wp-json\/wp\/v2\/posts\/2439\/revisions"}],"predecessor-version":[{"id":2441,"href":"https:\/\/seal.transport-manager.net\/orizo\/wp-json\/wp\/v2\/posts\/2439\/revisions\/2441"}],"wp:featuredmedia":[{"embeddable":true,"href":"https:\/\/seal.transport-manager.net\/orizo\/wp-json\/wp\/v2\/media\/2440"}],"wp:attachment":[{"href":"https:\/\/seal.transport-manager.net\/orizo\/wp-json\/wp\/v2\/media?parent=2439"}],"wp:term":[{"taxonomy":"category","embeddable":true,"href":"https:\/\/seal.transport-manager.net\/orizo\/wp-json\/wp\/v2\/categories?post=2439"},{"taxonomy":"post_tag","embeddable":true,"href":"https:\/\/seal.transport-manager.net\/orizo\/wp-json\/wp\/v2\/tags?post=2439"}],"curies":[{"name":"wp","href":"https:\/\/api.w.org\/{rel}","templated":true}]}}