{"id":2442,"date":"2026-02-08T20:07:30","date_gmt":"2026-02-08T19:07:30","guid":{"rendered":"https:\/\/seal.transport-manager.net\/orizo\/?p=2442"},"modified":"2026-02-24T20:33:25","modified_gmt":"2026-02-24T19:33:25","slug":"le-courant-passe","status":"publish","type":"post","link":"https:\/\/seal.transport-manager.net\/orizo\/actualites\/2026\/02\/08\/2442\/","title":{"rendered":"Le courant passe !"},"content":{"rendered":"\n<p>D\u00e8s ce lundi 9 f\u00e9vrier, votre ligne 10 s&rsquo;\u00e9lectrifie. En effet, une flotte de v\u00e9hicules de derni\u00e8re g\u00e9n\u00e9ration sera mise en service.<\/p>\n\n\n\n<p>Ces v\u00e9hicules Heuliez GX 437 ELEC, d&rsquo;une longueur de 18 m\u00e8tres, sont tout \u00e9lectriques. Ils remplaceront les v\u00e9hicules actuellement en service sur la ligne 10, datant de 2009.<\/p>\n\n\n\n<p>Ces nouveaux v\u00e9hicules ont re\u00e7u toutes les options utiles \u00e0 votre trajet, dont le Wi-Fi et des prises USB pour la recharge de vos appareils.<\/p>\n\n\n\n<p>D\u00e8s le lundi 23 f\u00e9vrier, des v\u00e9hicules similaires d&rsquo;une longueur de 12 m\u00e8tres seront d\u00e9ploy\u00e9s sur la ligne 7, dans le cadre de notre projet d&rsquo;\u00e9lectrification progressive du r\u00e9seau.<\/p>\n\n\n\n<blockquote class=\"wp-block-quote is-layout-flow wp-block-quote-is-layout-flow\">\n<h6 class=\"wp-block-heading\">L&rsquo;\u00e9lectrification des lignes<\/h6>\n\n\n\n<p>Les lignes 62, 63 et 64 d\u00e9j\u00e0 100 % \u00e9lectriques depuis le printemps 2025. Les lignes 7 et 10 sont en cours d&rsquo;\u00e9lectrification, et l&rsquo;\u00e9lectrification des lignes 60 et 61 est \u00e0 l&rsquo;\u00e9tude. Des v\u00e9hicules \u00e9lectriques circulent \u00e9galement sur la ligne B3, principalement en heures de pointe.<\/p>\n\n\n\n<p>Les futures lignes 15, 16 et 17, qui seront mises en service avec le tramway, seront exploit\u00e9es avec des v\u00e9hicules \u00e9lectriques.<\/p>\n\n\n\n<p>Des \u00e9tudes d\u00e9butent \u00e9galement pour une \u00e9ventuelle \u00e9lectrification des lignes 102 et 103, ainsi que de la future ligne 105.<\/p>\n<\/blockquote>\n","protected":false},"excerpt":{"rendered":"<p>D\u00e8s ce lundi 9 f\u00e9vrier, votre ligne 10 s&rsquo;\u00e9lectrifie. En effet, une flotte de v\u00e9hicules de derni\u00e8re g\u00e9n\u00e9ration sera mise en service. Ces v\u00e9hicules Heuliez GX 437 ELEC, d&rsquo;une longueur de 18 m\u00e8tres, sont tout \u00e9lectriques. Ils remplaceront les v\u00e9hicules actuellement en service sur la ligne 10, datant de 2009. [&hellip;]<\/p>\n","protected":false},"author":54,"featured_media":2443,"comment_status":"open","ping_status":"open","sticky":false,"template":"","format":"standard","meta":{"_EventAllDay":false,"_EventTimezone":"","_EventStartDate":"","_EventEndDate":"","_EventStartDateUTC":"","_EventEndDateUTC":"","_EventShowMap":false,"_EventShowMapLink":false,"_EventURL":"","_EventCost":"","_EventCostDescription":"","_EventCurrencySymbol":"","_EventCurrencyCode":"","_EventCurrencyPosition":"","_EventDateTimeSeparator":"","_EventTimeRangeSeparator":"","_EventOrganizerID":[],"_EventVenueID":[],"_OrganizerEmail":"","_OrganizerPhone":"","_OrganizerWebsite":"","_VenueAddress":"","_VenueCity":"","_VenueCountry":"","_VenueProvince":"","_VenueState":"","_VenueZip":"","_VenuePhone":"","_VenueURL":"","_VenueStateProvince":"","_VenueLat":"","_VenueLng":"","_VenueShowMap":false,"_VenueShowMapLink":false,"footnotes":""},"categories":[5],"tags":[],"class_list":["post-2442","post","type-post","status-publish","format-standard","has-post-thumbnail","hentry","category-actualites"],"_links":{"self":[{"href":"https:\/\/seal.transport-manager.net\/orizo\/wp-json\/wp\/v2\/posts\/2442","targetHints":{"allow":["GET"]}}],"collection":[{"href":"https:\/\/seal.transport-manager.net\/orizo\/wp-json\/wp\/v2\/posts"}],"about":[{"href":"https:\/\/seal.transport-manager.net\/orizo\/wp-json\/wp\/v2\/types\/post"}],"author":[{"embeddable":true,"href":"https:\/\/seal.transport-manager.net\/orizo\/wp-json\/wp\/v2\/users\/54"}],"replies":[{"embeddable":true,"href":"https:\/\/seal.transport-manager.net\/orizo\/wp-json\/wp\/v2\/comments?post=2442"}],"version-history":[{"count":2,"href":"https:\/\/seal.transport-manager.net\/orizo\/wp-json\/wp\/v2\/posts\/2442\/revisions"}],"predecessor-version":[{"id":2464,"href":"https:\/\/seal.transport-manager.net\/orizo\/wp-json\/wp\/v2\/posts\/2442\/revisions\/2464"}],"wp:featuredmedia":[{"embeddable":true,"href":"https:\/\/seal.transport-manager.net\/orizo\/wp-json\/wp\/v2\/media\/2443"}],"wp:attachment":[{"href":"https:\/\/seal.transport-manager.net\/orizo\/wp-json\/wp\/v2\/media?parent=2442"}],"wp:term":[{"taxonomy":"category","embeddable":true,"href":"https:\/\/seal.transport-manager.net\/orizo\/wp-json\/wp\/v2\/categories?post=2442"},{"taxonomy":"post_tag","embeddable":true,"href":"https:\/\/seal.transport-manager.net\/orizo\/wp-json\/wp\/v2\/tags?post=2442"}],"curies":[{"name":"wp","href":"https:\/\/api.w.org\/{rel}","templated":true}]}}