{"id":2465,"date":"2026-02-20T20:51:16","date_gmt":"2026-02-20T19:51:16","guid":{"rendered":"https:\/\/seal.transport-manager.net\/orizo\/?p=2465"},"modified":"2026-02-24T21:18:03","modified_gmt":"2026-02-24T20:18:03","slug":"rtpa-deja-4-ans-de-transports","status":"publish","type":"post","link":"https:\/\/seal.transport-manager.net\/orizo\/actualites\/2026\/02\/20\/2465\/","title":{"rendered":"RTPA : d\u00e9j\u00e0 4 ans de transports !"},"content":{"rendered":"\n<p>Ce 20 f\u00e9vrier 2026 marque l&rsquo;anniversaire des 4 ans de la RTPA. Depuis le 20 f\u00e9vrier 2022, nous avons \u00e0 c\u0153ur de vous accompagner au quotidien dans vos d\u00e9placements.<\/p>\n\n\n\n<p>Votre r\u00e9seau est, vous le savez, \u00e0 l&rsquo;aube de sa plus grande \u00e9volution avec, cet \u00e9t\u00e9, la mise en service la premi\u00e8re ligne de tramway entre la Clinique Saint-Paul et l&rsquo;A\u00e9roport International.<\/p>\n\n\n\n<p>D\u00e8s ce mois de f\u00e9vrier, les lignes 7 et 10 sont devenues 100 % \u00e9lectriques, rejoignant ainsi les lignes 62, 63 et 64.<\/p>\n\n\n\n<p>Dans les mois \u00e0 venir, un programme de r\u00e9novation de nos autobus sera organis\u00e9, dans l&rsquo;optique d&rsquo;accro\u00eetre votre confort de voyage.<\/p>\n\n\n\n<p>Ces diff\u00e9rents programmes, repr\u00e9sentant un investissement de plusieurs dizaines de millions d&rsquo;euros, vous permettront, \u00e0 la rentr\u00e9e de septembre 2026, de b\u00e9n\u00e9ficier d&rsquo;un r\u00e9seau de transport performant, adapt\u00e9 \u00e0 vos d\u00e9placements, fiable et \u00e9cologique.<\/p>\n\n\n\n<p>Depuis 4 ans, nous sommes <strong>\u00e0 vos c\u00f4t\u00e9s, tous les jours<\/strong>. Et \u00e7a ne va pas changer. <strong>Ensemble, nous avons pris le bus<\/strong>. Bient\u00f4t, le tramway, puis d&rsquo;autres mobilit\u00e9s. Notre objectif reste toujours le m\u00eame : vous transporter en s\u00e9curit\u00e9, tout en cherchant le meilleur niveau de satisfaction.<\/p>\n\n\n\n<p>Comme marqueur de notre histoire, et des r\u00e9seaux nous ayant pr\u00e9c\u00e9d\u00e9s \u00e0 Probourg, nous sommes fiers de vous annoncer l&rsquo;arriv\u00e9e au sein du Mus\u00e9e des Transports de notre <a href=\"https:\/\/seal.transport-manager.net\/orizo\/a-propos\/\" data-type=\"page\" data-id=\"105\">parc historique<\/a>, qui sera ouvert \u00e0 la visite toute l&rsquo;ann\u00e9e, en compl\u00e9ment des \u00e9v\u00e8nements d\u00e9j\u00e0 organis\u00e9s.<\/p>\n\n\n\n<p>Merci \u00e0 tous nos passagers et partenaires pour ces ann\u00e9es, et nous sommes convaincus que le meilleur est \u00e0 venir.<\/p>\n\n\n\n<p>RTPA &#8211; \u00c0 vos c\u00f4t\u00e9s, tous les jours, ensemble.<\/p>\n","protected":false},"excerpt":{"rendered":"<p>Ce 20 f\u00e9vrier 2026 marque l&rsquo;anniversaire des 4 ans de la RTPA. Depuis le 20 f\u00e9vrier 2022, nous avons \u00e0 c\u0153ur de vous accompagner au quotidien dans vos d\u00e9placements. Votre r\u00e9seau est, vous le savez, \u00e0 l&rsquo;aube de sa plus grande \u00e9volution avec, cet \u00e9t\u00e9, la mise en service la [&hellip;]<\/p>\n","protected":false},"author":54,"featured_media":2466,"comment_status":"open","ping_status":"open","sticky":false,"template":"","format":"standard","meta":{"_EventAllDay":false,"_EventTimezone":"","_EventStartDate":"","_EventEndDate":"","_EventStartDateUTC":"","_EventEndDateUTC":"","_EventShowMap":false,"_EventShowMapLink":false,"_EventURL":"","_EventCost":"","_EventCostDescription":"","_EventCurrencySymbol":"","_EventCurrencyCode":"","_EventCurrencyPosition":"","_EventDateTimeSeparator":"","_EventTimeRangeSeparator":"","_EventOrganizerID":[],"_EventVenueID":[],"_OrganizerEmail":"","_OrganizerPhone":"","_OrganizerWebsite":"","_VenueAddress":"","_VenueCity":"","_VenueCountry":"","_VenueProvince":"","_VenueState":"","_VenueZip":"","_VenuePhone":"","_VenueURL":"","_VenueStateProvince":"","_VenueLat":"","_VenueLng":"","_VenueShowMap":false,"_VenueShowMapLink":false,"footnotes":""},"categories":[5,6],"tags":[],"class_list":["post-2465","post","type-post","status-publish","format-standard","has-post-thumbnail","hentry","category-actualites","category-info-reseau"],"_links":{"self":[{"href":"https:\/\/seal.transport-manager.net\/orizo\/wp-json\/wp\/v2\/posts\/2465","targetHints":{"allow":["GET"]}}],"collection":[{"href":"https:\/\/seal.transport-manager.net\/orizo\/wp-json\/wp\/v2\/posts"}],"about":[{"href":"https:\/\/seal.transport-manager.net\/orizo\/wp-json\/wp\/v2\/types\/post"}],"author":[{"embeddable":true,"href":"https:\/\/seal.transport-manager.net\/orizo\/wp-json\/wp\/v2\/users\/54"}],"replies":[{"embeddable":true,"href":"https:\/\/seal.transport-manager.net\/orizo\/wp-json\/wp\/v2\/comments?post=2465"}],"version-history":[{"count":1,"href":"https:\/\/seal.transport-manager.net\/orizo\/wp-json\/wp\/v2\/posts\/2465\/revisions"}],"predecessor-version":[{"id":2467,"href":"https:\/\/seal.transport-manager.net\/orizo\/wp-json\/wp\/v2\/posts\/2465\/revisions\/2467"}],"wp:featuredmedia":[{"embeddable":true,"href":"https:\/\/seal.transport-manager.net\/orizo\/wp-json\/wp\/v2\/media\/2466"}],"wp:attachment":[{"href":"https:\/\/seal.transport-manager.net\/orizo\/wp-json\/wp\/v2\/media?parent=2465"}],"wp:term":[{"taxonomy":"category","embeddable":true,"href":"https:\/\/seal.transport-manager.net\/orizo\/wp-json\/wp\/v2\/categories?post=2465"},{"taxonomy":"post_tag","embeddable":true,"href":"https:\/\/seal.transport-manager.net\/orizo\/wp-json\/wp\/v2\/tags?post=2465"}],"curies":[{"name":"wp","href":"https:\/\/api.w.org\/{rel}","templated":true}]}}