{"id":301,"date":"2022-12-18T18:27:33","date_gmt":"2022-12-18T17:27:33","guid":{"rendered":"https:\/\/seal.transport-manager.net\/orizo\/?p=301"},"modified":"2022-12-19T10:53:17","modified_gmt":"2022-12-19T09:53:17","slug":"reseau-nocturne-reveillons-2022","status":"publish","type":"post","link":"https:\/\/seal.transport-manager.net\/orizo\/actualites\/2022\/12\/18\/301\/","title":{"rendered":"R\u00e9seau nocturne &#8211; R\u00e9veillons 2022"},"content":{"rendered":"\n<p>Pour vous permettre de rentrer chez vous en toute s\u00e9curit\u00e9, Probus met en place un r\u00e9seau nocturne <strong>gratuit <\/strong>les nuits du 24 au 25 d\u00e9cembre ainsi que celle du 31 d\u00e9cembre au 1er janvier.<\/p>\n\n\n\n<h5 class=\"wp-block-heading\"><span style=\"color:white;background-color:#e86a10;border-top-left-radius: 0.3em;border-bottom-right-radius:0.3em;padding-left:0.4em;padding-right:0.4em;padding-top:0.1em;padding-bottom:0.1em\">801<\/span> Mus\u00e9e d&rsquo;Art Moderne* &lt;&gt; Place de l&rsquo;Europe &lt;&gt; Campus Marthe Gautier<\/h5>\n\n\n\n<h5 class=\"wp-block-heading\"><span style=\"color:white;background-color:#9364cc;border-top-left-radius: 0.3em;border-bottom-right-radius:0.3em;padding-left:0.4em;padding-right:0.4em;padding-top:0.1em;padding-bottom:0.1em\">802<\/span> H\u00f4tel de Police &lt;&gt; Place de l&rsquo;Europe &lt;&gt; Gare Centrale &lt;&gt; Clinique Saint-Paul<\/h5>\n\n\n\n<h5 class=\"wp-block-heading\"><span style=\"color:white;background-color:#dc241f;border-top-left-radius: 0.3em;border-bottom-right-radius:0.3em;padding-left:0.4em;padding-right:0.4em;padding-top:0.1em;padding-bottom:0.1em\">803<\/span> Campus Alan Turing &lt;&gt; Place de l&rsquo;Europe<\/h5>\n\n\n\n<div class=\"wp-block-buttons is-content-justification-center is-layout-flex wp-container-core-buttons-is-layout-a89b3969 wp-block-buttons-is-layout-flex\">\n<div class=\"wp-block-button\"><a class=\"wp-block-button__link has-header-gradient-background-color has-background wp-element-button\" href=\"https:\/\/seal.transport-manager.net\/orizo\/wp-content\/uploads\/sites\/54\/2022\/12\/FH-22.pdf\" target=\"_blank\" rel=\"noreferrer noopener\">T\u00e9l\u00e9charger la fiche horaire<\/a><\/div>\n<\/div>\n\n\n\n<p><\/p>\n\n\n\n<p class=\"has-text-align-center\">Plan du r\u00e9seau<\/p>\n\n\n\n<figure class=\"wp-block-image size-large\"><img loading=\"lazy\" decoding=\"async\" width=\"1024\" height=\"660\" src=\"https:\/\/seal.transport-manager.net\/orizo\/wp-content\/uploads\/sites\/54\/2022\/12\/Nuit-1024x660.png\" alt=\"\" class=\"wp-image-302\" srcset=\"https:\/\/seal.transport-manager.net\/orizo\/wp-content\/uploads\/sites\/54\/2022\/12\/Nuit-1024x660.png 1024w, https:\/\/seal.transport-manager.net\/orizo\/wp-content\/uploads\/sites\/54\/2022\/12\/Nuit-300x193.png 300w, https:\/\/seal.transport-manager.net\/orizo\/wp-content\/uploads\/sites\/54\/2022\/12\/Nuit-768x495.png 768w, https:\/\/seal.transport-manager.net\/orizo\/wp-content\/uploads\/sites\/54\/2022\/12\/Nuit-1536x991.png 1536w, https:\/\/seal.transport-manager.net\/orizo\/wp-content\/uploads\/sites\/54\/2022\/12\/Nuit-2048x1321.png 2048w\" sizes=\"auto, (max-width: 1024px) 100vw, 1024px\" \/><\/figure>\n\n\n\n<p class=\"has-small-font-size\"><em>*L&rsquo;arr\u00eat \u00ab\u00a0Mus\u00e9e d&rsquo;Art Moderne\u00a0\u00bb se situe \u00e0 proximit\u00e9 de la future entr\u00e9e du Mus\u00e9e, toujours en construction<\/em><\/p>\n","protected":false},"excerpt":{"rendered":"<p>Pour vous permettre de rentrer chez vous en toute s\u00e9curit\u00e9, Probus met en place un r\u00e9seau nocturne gratuit les nuits du 24 au 25 d\u00e9cembre ainsi que celle du 31 d\u00e9cembre au 1er janvier. 801 Mus\u00e9e d&rsquo;Art Moderne* &lt;&gt; Place de l&rsquo;Europe &lt;&gt; Campus Marthe Gautier 802 H\u00f4tel de Police [&hellip;]<\/p>\n","protected":false},"author":54,"featured_media":100,"comment_status":"open","ping_status":"open","sticky":false,"template":"","format":"standard","meta":{"_EventAllDay":false,"_EventTimezone":"","_EventStartDate":"","_EventEndDate":"","_EventStartDateUTC":"","_EventEndDateUTC":"","_EventShowMap":false,"_EventShowMapLink":false,"_EventURL":"","_EventCost":"","_EventCostDescription":"","_EventCurrencySymbol":"","_EventCurrencyCode":"","_EventCurrencyPosition":"","_EventDateTimeSeparator":"","_EventTimeRangeSeparator":"","_EventOrganizerID":[],"_EventVenueID":[],"_OrganizerEmail":"","_OrganizerPhone":"","_OrganizerWebsite":"","_VenueAddress":"","_VenueCity":"","_VenueCountry":"","_VenueProvince":"","_VenueState":"","_VenueZip":"","_VenuePhone":"","_VenueURL":"","_VenueStateProvince":"","_VenueLat":"","_VenueLng":"","_VenueShowMap":false,"_VenueShowMapLink":false,"footnotes":""},"categories":[5,8,6],"tags":[],"class_list":["post-301","post","type-post","status-publish","format-standard","has-post-thumbnail","hentry","category-actualites","category-fetes","category-info-reseau"],"_links":{"self":[{"href":"https:\/\/seal.transport-manager.net\/orizo\/wp-json\/wp\/v2\/posts\/301","targetHints":{"allow":["GET"]}}],"collection":[{"href":"https:\/\/seal.transport-manager.net\/orizo\/wp-json\/wp\/v2\/posts"}],"about":[{"href":"https:\/\/seal.transport-manager.net\/orizo\/wp-json\/wp\/v2\/types\/post"}],"author":[{"embeddable":true,"href":"https:\/\/seal.transport-manager.net\/orizo\/wp-json\/wp\/v2\/users\/54"}],"replies":[{"embeddable":true,"href":"https:\/\/seal.transport-manager.net\/orizo\/wp-json\/wp\/v2\/comments?post=301"}],"version-history":[{"count":6,"href":"https:\/\/seal.transport-manager.net\/orizo\/wp-json\/wp\/v2\/posts\/301\/revisions"}],"predecessor-version":[{"id":328,"href":"https:\/\/seal.transport-manager.net\/orizo\/wp-json\/wp\/v2\/posts\/301\/revisions\/328"}],"wp:featuredmedia":[{"embeddable":true,"href":"https:\/\/seal.transport-manager.net\/orizo\/wp-json\/wp\/v2\/media\/100"}],"wp:attachment":[{"href":"https:\/\/seal.transport-manager.net\/orizo\/wp-json\/wp\/v2\/media?parent=301"}],"wp:term":[{"taxonomy":"category","embeddable":true,"href":"https:\/\/seal.transport-manager.net\/orizo\/wp-json\/wp\/v2\/categories?post=301"},{"taxonomy":"post_tag","embeddable":true,"href":"https:\/\/seal.transport-manager.net\/orizo\/wp-json\/wp\/v2\/tags?post=301"}],"curies":[{"name":"wp","href":"https:\/\/api.w.org\/{rel}","templated":true}]}}