{"id":510,"date":"2023-01-27T11:57:01","date_gmt":"2023-01-27T10:57:01","guid":{"rendered":"https:\/\/seal.transport-manager.net\/orizo\/?p=510"},"modified":"2023-02-07T19:37:05","modified_gmt":"2023-02-07T18:37:05","slug":"probus-sengage-pour-le-climat","status":"publish","type":"post","link":"https:\/\/seal.transport-manager.net\/orizo\/actualites\/2023\/01\/27\/510\/","title":{"rendered":"Probus s&rsquo;engage pour le climat !"},"content":{"rendered":"\n<p>Soucieuse de votre cadre de vie, votre soci\u00e9t\u00e9 de transport est, de longue date, engag\u00e9e pour la pr\u00e9servation de l&rsquo;environnement.<\/p>\n\n\n\n<p>\u00c0 compter de ce jour, un pas de plus est marqu\u00e9 dans notre entreprise, puisque de plus en plus de v\u00e9hicules verts vous transportent. D\u00e9sormais, retrouvez :<\/p>\n\n\n\n<ul class=\"wp-block-list\">\n<li>sur la ligne <span style=\"color:white;background-color:#dc241f;border-top-left-radius: 0.3em;border-bottom-right-radius:0.3em;padding-left:0.4em;padding-right:0.4em;padding-top:0.1em;padding-bottom:0.1em\">1<\/span> : 100 % de bus roulant au gaz<\/li>\n\n\n\n<li>sur la ligne <span style=\"color:white;background-color:#9364cc;border-top-left-radius: 0.3em;border-bottom-right-radius:0.3em;padding-left:0.4em;padding-right:0.4em;padding-top:0.1em;padding-bottom:0.1em\">2<\/span> : le week-end, 100 % de bus roulant au gaz<\/li>\n\n\n\n<li>sur la ligne <span style=\"color:white;background-color:#f1ab00;border-top-left-radius: 0.3em;border-bottom-right-radius:0.3em;padding-left:0.4em;padding-right:0.4em;padding-top:0.1em;padding-bottom:0.1em\">3<\/span> : 100 % de bus roulant au gaz<\/li>\n\n\n\n<li>sur la ligne <span style=\"color:white;background-color:#00afad;border-top-left-radius: 0.3em;border-bottom-right-radius:0.3em;padding-left:0.4em;padding-right:0.4em;padding-top:0.1em;padding-bottom:0.1em\">4<\/span> : 100 % de bus roulant au gaz, et ce depuis ao\u00fbt 2022 !<\/li>\n<\/ul>\n\n\n\n<p>Partenaire de tous vos d\u00e9placements, votre r\u00e9seau de transport devrait par ailleurs prochainement s&rsquo;affiner dans certains quartiers de la ville, pour vous transporter toujours au plus pr\u00e8s de votre destination !<\/p>\n","protected":false},"excerpt":{"rendered":"<p>Soucieuse de votre cadre de vie, votre soci\u00e9t\u00e9 de transport est, de longue date, engag\u00e9e pour la pr\u00e9servation de l&rsquo;environnement. \u00c0 compter de ce jour, un pas de plus est marqu\u00e9 dans notre entreprise, puisque de plus en plus de v\u00e9hicules verts vous transportent. D\u00e9sormais, retrouvez : Partenaire de tous [&hellip;]<\/p>\n","protected":false},"author":54,"featured_media":511,"comment_status":"open","ping_status":"open","sticky":false,"template":"","format":"standard","meta":{"_EventAllDay":false,"_EventTimezone":"","_EventStartDate":"","_EventEndDate":"","_EventStartDateUTC":"","_EventEndDateUTC":"","_EventShowMap":false,"_EventShowMapLink":false,"_EventURL":"","_EventCost":"","_EventCostDescription":"","_EventCurrencySymbol":"","_EventCurrencyCode":"","_EventCurrencyPosition":"","_EventDateTimeSeparator":"","_EventTimeRangeSeparator":"","_EventOrganizerID":[],"_EventVenueID":[],"_OrganizerEmail":"","_OrganizerPhone":"","_OrganizerWebsite":"","_VenueAddress":"","_VenueCity":"","_VenueCountry":"","_VenueProvince":"","_VenueState":"","_VenueZip":"","_VenuePhone":"","_VenueURL":"","_VenueStateProvince":"","_VenueLat":"","_VenueLng":"","_VenueShowMap":false,"_VenueShowMapLink":false,"footnotes":""},"categories":[5,6],"tags":[],"class_list":["post-510","post","type-post","status-publish","format-standard","has-post-thumbnail","hentry","category-actualites","category-info-reseau"],"_links":{"self":[{"href":"https:\/\/seal.transport-manager.net\/orizo\/wp-json\/wp\/v2\/posts\/510","targetHints":{"allow":["GET"]}}],"collection":[{"href":"https:\/\/seal.transport-manager.net\/orizo\/wp-json\/wp\/v2\/posts"}],"about":[{"href":"https:\/\/seal.transport-manager.net\/orizo\/wp-json\/wp\/v2\/types\/post"}],"author":[{"embeddable":true,"href":"https:\/\/seal.transport-manager.net\/orizo\/wp-json\/wp\/v2\/users\/54"}],"replies":[{"embeddable":true,"href":"https:\/\/seal.transport-manager.net\/orizo\/wp-json\/wp\/v2\/comments?post=510"}],"version-history":[{"count":4,"href":"https:\/\/seal.transport-manager.net\/orizo\/wp-json\/wp\/v2\/posts\/510\/revisions"}],"predecessor-version":[{"id":559,"href":"https:\/\/seal.transport-manager.net\/orizo\/wp-json\/wp\/v2\/posts\/510\/revisions\/559"}],"wp:featuredmedia":[{"embeddable":true,"href":"https:\/\/seal.transport-manager.net\/orizo\/wp-json\/wp\/v2\/media\/511"}],"wp:attachment":[{"href":"https:\/\/seal.transport-manager.net\/orizo\/wp-json\/wp\/v2\/media?parent=510"}],"wp:term":[{"taxonomy":"category","embeddable":true,"href":"https:\/\/seal.transport-manager.net\/orizo\/wp-json\/wp\/v2\/categories?post=510"},{"taxonomy":"post_tag","embeddable":true,"href":"https:\/\/seal.transport-manager.net\/orizo\/wp-json\/wp\/v2\/tags?post=510"}],"curies":[{"name":"wp","href":"https:\/\/api.w.org\/{rel}","templated":true}]}}