{"id":547,"date":"2023-02-19T11:09:38","date_gmt":"2023-02-19T10:09:38","guid":{"rendered":"https:\/\/seal.transport-manager.net\/orizo\/?p=547"},"modified":"2023-02-19T11:09:39","modified_gmt":"2023-02-19T10:09:39","slug":"probus-fete-son-anniversaire","status":"publish","type":"post","link":"https:\/\/seal.transport-manager.net\/orizo\/actualites\/2023\/02\/19\/547\/","title":{"rendered":"Probus f\u00eate son anniversaire !"},"content":{"rendered":"\n<p>Ce 20 f\u00e9vrier, <span style=\"color:white;background-color:#000a2d;border-top-left-radius: 0.3em;border-bottom-right-radius:0.3em;padding-left:0.4em;padding-right:0.4em;padding-top:0.1em;padding-bottom:0.1em\">Probus<\/span>, votre soci\u00e9t\u00e9 de transports en commun, f\u00eate sa premi\u00e8re ann\u00e9e d&rsquo;existence.<\/p>\n\n\n\n<p>Nous sommes fiers d&rsquo;avoir pu parcourir ce chemin avec et pour vous, et cet anniversaire s&rsquo;accompagne de quelques annonces :<\/p>\n\n\n\n<div class=\"wp-block-group\"><div class=\"wp-block-group__inner-container is-layout-constrained wp-block-group-is-layout-constrained\">\n<ul class=\"wp-block-list\">\n<li>Premi\u00e8rement, au vu du nombre grandissant de passagers sur les lignes <span style=\"color:white;background-color:#dc241f;border-top-left-radius: 0.3em;border-bottom-right-radius:0.3em;padding-left:0.4em;padding-right:0.4em;padding-top:0.1em;padding-bottom:0.1em\">1<\/span> <span style=\"color:white;background-color:#9364cc;border-top-left-radius: 0.3em;border-bottom-right-radius:0.3em;padding-left:0.4em;padding-right:0.4em;padding-top:0.1em;padding-bottom:0.1em\">2<\/span> et <span style=\"color:white;background-color:#f1ab00;border-top-left-radius: 0.3em;border-bottom-right-radius:0.3em;padding-left:0.4em;padding-right:0.4em;padding-top:0.1em;padding-bottom:0.1em\">3<\/span>, celles-ci verront leurs fr\u00e9quences de passage augment\u00e9es \u00e0 compter de mi-mars. De plus, la ligne <span style=\"color:white;background-color:#dc241f;border-top-left-radius: 0.3em;border-bottom-right-radius:0.3em;padding-left:0.4em;padding-right:0.4em;padding-top:0.1em;padding-bottom:0.1em\">1<\/span> circulera dor\u00e9navant aux m\u00eames plages horaires que les lignes <span style=\"color:white;background-color:#9364cc;border-top-left-radius: 0.3em;border-bottom-right-radius:0.3em;padding-left:0.4em;padding-right:0.4em;padding-top:0.1em;padding-bottom:0.1em\">2<\/span> et <span style=\"color:white;background-color:#f1ab00;border-top-left-radius: 0.3em;border-bottom-right-radius:0.3em;padding-left:0.4em;padding-right:0.4em;padding-top:0.1em;padding-bottom:0.1em\">3<\/span> (plus de bus en soir\u00e9e et le dimanche)<\/li>\n<\/ul>\n\n\n\n<ul class=\"wp-block-list\">\n<li>Nous vous annon\u00e7ons \u00e9galement, l&rsquo;ouverture d&rsquo;agences de transports, afin de vous permettre de mieux vous renseigner et acheter vos titres*. Et ce, d\u00e8s le 20 f\u00e9vrier !<\/li>\n<\/ul>\n\n\n\n<div class=\"wp-block-columns is-layout-flex wp-container-core-columns-is-layout-28f84493 wp-block-columns-is-layout-flex\">\n<div class=\"wp-block-column is-layout-flow wp-block-column-is-layout-flow\" style=\"flex-basis:100%\">\n<ul class=\"wp-block-list\">\n<li>Ensuite, nous avons l&rsquo;immense plaisir de vous annoncer l&rsquo;ouverture prochaine de nouvelles lignes. L&rsquo;ouverture du Mus\u00e9e d&rsquo;Art Moderne \u00e9tant pr\u00e9vue pour la fin du mois de mars, une nouvelle ligne <span style=\"color:white;background-color:#e86a10;border-top-left-radius: 0.3em;border-bottom-right-radius:0.3em;padding-left:0.4em;padding-right:0.4em;padding-top:0.1em;padding-bottom:0.1em\">5<\/span> verra le jour pour vous permettre d&rsquo;y acc\u00e9der. Enfin, au vu de l&rsquo;avanc\u00e9e des travaux de r\u00e9habilitation du Grand Palais et afin de mieux desservir le centre-ville, des dessertes suppl\u00e9mentaires devraient \u00eatre cr\u00e9\u00e9es autour de ce lieu plusieurs fois centenaire.<\/li>\n<\/ul>\n<\/div>\n<\/div>\n<\/div><\/div>\n\n\n\n<p class=\"has-small-font-size\"><em>*bien entendu, vous pourrez toujours acheter vos titres de transports aupr\u00e8s des commer\u00e7ants partenaires et \u00e0 bord des bus<\/em><\/p>\n\n\n\n<p>Probus, partenaire de vos d\u00e9placements \u00e0 Probourg, vous accompagnera toujours, afin que vos besoins soient au mieux respect\u00e9s.<\/p>\n\n\n\n<p><span style=\"color:white;background-color:#000a2d;border-top-left-radius: 0.3em;border-bottom-right-radius:0.3em;padding-left:0.4em;padding-right:0.4em;padding-top:0.1em;padding-bottom:0.1em\">Probus<\/span> &#8211; ensemble, prenons le bus !<\/p>\n","protected":false},"excerpt":{"rendered":"<p>Ce 20 f\u00e9vrier, Probus, votre soci\u00e9t\u00e9 de transports en commun, f\u00eate sa premi\u00e8re ann\u00e9e d&rsquo;existence. Nous sommes fiers d&rsquo;avoir pu parcourir ce chemin avec et pour vous, et cet anniversaire s&rsquo;accompagne de quelques annonces : *bien entendu, vous pourrez toujours acheter vos titres de transports aupr\u00e8s des commer\u00e7ants partenaires et [&hellip;]<\/p>\n","protected":false},"author":54,"featured_media":549,"comment_status":"open","ping_status":"open","sticky":false,"template":"","format":"standard","meta":{"_EventAllDay":false,"_EventTimezone":"","_EventStartDate":"","_EventEndDate":"","_EventStartDateUTC":"","_EventEndDateUTC":"","_EventShowMap":false,"_EventShowMapLink":false,"_EventURL":"","_EventCost":"","_EventCostDescription":"","_EventCurrencySymbol":"","_EventCurrencyCode":"","_EventCurrencyPosition":"","_EventDateTimeSeparator":"","_EventTimeRangeSeparator":"","_EventOrganizerID":[],"_EventVenueID":[],"_OrganizerEmail":"","_OrganizerPhone":"","_OrganizerWebsite":"","_VenueAddress":"","_VenueCity":"","_VenueCountry":"","_VenueProvince":"","_VenueState":"","_VenueZip":"","_VenuePhone":"","_VenueURL":"","_VenueStateProvince":"","_VenueLat":"","_VenueLng":"","_VenueShowMap":false,"_VenueShowMapLink":false,"footnotes":""},"categories":[5,6],"tags":[],"class_list":["post-547","post","type-post","status-publish","format-standard","has-post-thumbnail","hentry","category-actualites","category-info-reseau"],"_links":{"self":[{"href":"https:\/\/seal.transport-manager.net\/orizo\/wp-json\/wp\/v2\/posts\/547","targetHints":{"allow":["GET"]}}],"collection":[{"href":"https:\/\/seal.transport-manager.net\/orizo\/wp-json\/wp\/v2\/posts"}],"about":[{"href":"https:\/\/seal.transport-manager.net\/orizo\/wp-json\/wp\/v2\/types\/post"}],"author":[{"embeddable":true,"href":"https:\/\/seal.transport-manager.net\/orizo\/wp-json\/wp\/v2\/users\/54"}],"replies":[{"embeddable":true,"href":"https:\/\/seal.transport-manager.net\/orizo\/wp-json\/wp\/v2\/comments?post=547"}],"version-history":[{"count":5,"href":"https:\/\/seal.transport-manager.net\/orizo\/wp-json\/wp\/v2\/posts\/547\/revisions"}],"predecessor-version":[{"id":568,"href":"https:\/\/seal.transport-manager.net\/orizo\/wp-json\/wp\/v2\/posts\/547\/revisions\/568"}],"wp:featuredmedia":[{"embeddable":true,"href":"https:\/\/seal.transport-manager.net\/orizo\/wp-json\/wp\/v2\/media\/549"}],"wp:attachment":[{"href":"https:\/\/seal.transport-manager.net\/orizo\/wp-json\/wp\/v2\/media?parent=547"}],"wp:term":[{"taxonomy":"category","embeddable":true,"href":"https:\/\/seal.transport-manager.net\/orizo\/wp-json\/wp\/v2\/categories?post=547"},{"taxonomy":"post_tag","embeddable":true,"href":"https:\/\/seal.transport-manager.net\/orizo\/wp-json\/wp\/v2\/tags?post=547"}],"curies":[{"name":"wp","href":"https:\/\/api.w.org\/{rel}","templated":true}]}}