{"id":608,"date":"2023-02-23T16:51:47","date_gmt":"2023-02-23T15:51:47","guid":{"rendered":"https:\/\/seal.transport-manager.net\/orizo\/?p=608"},"modified":"2023-08-08T18:45:55","modified_gmt":"2023-08-08T16:45:55","slug":"nouvelle-ligne","status":"publish","type":"post","link":"https:\/\/seal.transport-manager.net\/orizo\/actualites\/2023\/02\/23\/608\/","title":{"rendered":"Nouvelle ligne !"},"content":{"rendered":"\n<p>D\u00e8s ce lundi 27 f\u00e9vrier, d\u00e9couvrez une nouvelle ligne au sein de la m\u00e9tropole :<\/p>\n\n\n\n<p class=\"has-text-align-center has-large-font-size\"><span style=\"color:white;background-color:#e86a10;border-top-left-radius: 0.3em;border-bottom-right-radius:0.3em;padding-left:0.4em;padding-right:0.4em;padding-top:0.1em;padding-bottom:0.1em\">5<\/span> Mus\u00e9e d&rsquo;Art Moderne &lt;&gt; P\u00f4le Luca Pacioli<\/p>\n\n\n\n<hr class=\"wp-block-separator has-alpha-channel-opacity\" \/>\n\n\n\n<p>Retrouvez la liste des arr\u00eats desservis :<\/p>\n\n\n\n<figure class=\"wp-block-image alignfull size-full\"><img decoding=\"async\" src=\"https:\/\/seal.transport-manager.net\/orizo\/wp-content\/uploads\/sites\/54\/2023\/02\/image-4.png\" alt=\"\" class=\"wp-image-584\" \/><\/figure>\n\n\n\n<hr class=\"wp-block-separator has-alpha-channel-opacity\" \/>\n\n\n\n<p>De plus, voici ci-dessous les intervalles pr\u00e9visionnels de votre ligne :<\/p>\n\n\n\n<figure class=\"wp-block-image alignfull size-full\"><img loading=\"lazy\" decoding=\"async\" width=\"7303\" height=\"956\" src=\"https:\/\/seal.transport-manager.net\/orizo\/wp-content\/uploads\/sites\/54\/2023\/02\/image-9.png\" alt=\"\" class=\"wp-image-611\" srcset=\"https:\/\/seal.transport-manager.net\/orizo\/wp-content\/uploads\/sites\/54\/2023\/02\/image-9.png 7303w, https:\/\/seal.transport-manager.net\/orizo\/wp-content\/uploads\/sites\/54\/2023\/02\/image-9-300x39.png 300w, https:\/\/seal.transport-manager.net\/orizo\/wp-content\/uploads\/sites\/54\/2023\/02\/image-9-1024x134.png 1024w, https:\/\/seal.transport-manager.net\/orizo\/wp-content\/uploads\/sites\/54\/2023\/02\/image-9-768x101.png 768w, https:\/\/seal.transport-manager.net\/orizo\/wp-content\/uploads\/sites\/54\/2023\/02\/image-9-1536x201.png 1536w, https:\/\/seal.transport-manager.net\/orizo\/wp-content\/uploads\/sites\/54\/2023\/02\/image-9-2048x268.png 2048w\" sizes=\"auto, (max-width: 7303px) 100vw, 7303px\" \/><figcaption class=\"wp-element-caption\"><em>Ces intervalles pourront \u00eatre modifi\u00e9s \u00e0 l&rsquo;avenir en fonction de l&rsquo;\u00e9volution de la fr\u00e9quentation de la ligne.<\/em><\/figcaption><\/figure>\n\n\n\n<hr class=\"wp-block-separator has-alpha-channel-opacity\" \/>\n\n\n\n<p>Enfin, l&rsquo;ouverture de la ligne s&rsquo;accompagne \u00e9galement de l&rsquo;ouverture d&rsquo;une nouvelle agence commerciale, qui sera situ\u00e9e \u00e0 la Gare de l&rsquo;Ouest et ouvert tous les jours.<\/p>\n\n\n\n<hr class=\"wp-block-separator has-alpha-channel-opacity\" \/>\n\n\n\n<p><span style=\"color:white;background-color:#000a2d;border-top-left-radius: 0.3em;border-bottom-right-radius:0.3em;padding-left:0.4em;padding-right:0.4em;padding-top:0.1em;padding-bottom:0.1em\">Probus<\/span> &#8211; ensemble, prenons le bus !<\/p>\n","protected":false},"excerpt":{"rendered":"<p>D\u00e8s ce lundi 27 f\u00e9vrier, d\u00e9couvrez une nouvelle ligne au sein de la m\u00e9tropole : 5 Mus\u00e9e d&rsquo;Art Moderne &lt;&gt; P\u00f4le Luca Pacioli Retrouvez la liste des arr\u00eats desservis : De plus, voici ci-dessous les intervalles pr\u00e9visionnels de votre ligne : Enfin, l&rsquo;ouverture de la ligne s&rsquo;accompagne \u00e9galement de l&rsquo;ouverture [&hellip;]<\/p>\n","protected":false},"author":54,"featured_media":609,"comment_status":"open","ping_status":"open","sticky":false,"template":"","format":"standard","meta":{"_EventAllDay":false,"_EventTimezone":"","_EventStartDate":"","_EventEndDate":"","_EventStartDateUTC":"","_EventEndDateUTC":"","_EventShowMap":false,"_EventShowMapLink":false,"_EventURL":"","_EventCost":"","_EventCostDescription":"","_EventCurrencySymbol":"","_EventCurrencyCode":"","_EventCurrencyPosition":"","_EventDateTimeSeparator":"","_EventTimeRangeSeparator":"","_EventOrganizerID":[],"_EventVenueID":[],"_OrganizerEmail":"","_OrganizerPhone":"","_OrganizerWebsite":"","_VenueAddress":"","_VenueCity":"","_VenueCountry":"","_VenueProvince":"","_VenueState":"","_VenueZip":"","_VenuePhone":"","_VenueURL":"","_VenueStateProvince":"","_VenueLat":"","_VenueLng":"","_VenueShowMap":false,"_VenueShowMapLink":false,"footnotes":""},"categories":[5,6],"tags":[15],"class_list":["post-608","post","type-post","status-publish","format-standard","has-post-thumbnail","hentry","category-actualites","category-info-reseau","tag-15"],"_links":{"self":[{"href":"https:\/\/seal.transport-manager.net\/orizo\/wp-json\/wp\/v2\/posts\/608","targetHints":{"allow":["GET"]}}],"collection":[{"href":"https:\/\/seal.transport-manager.net\/orizo\/wp-json\/wp\/v2\/posts"}],"about":[{"href":"https:\/\/seal.transport-manager.net\/orizo\/wp-json\/wp\/v2\/types\/post"}],"author":[{"embeddable":true,"href":"https:\/\/seal.transport-manager.net\/orizo\/wp-json\/wp\/v2\/users\/54"}],"replies":[{"embeddable":true,"href":"https:\/\/seal.transport-manager.net\/orizo\/wp-json\/wp\/v2\/comments?post=608"}],"version-history":[{"count":11,"href":"https:\/\/seal.transport-manager.net\/orizo\/wp-json\/wp\/v2\/posts\/608\/revisions"}],"predecessor-version":[{"id":633,"href":"https:\/\/seal.transport-manager.net\/orizo\/wp-json\/wp\/v2\/posts\/608\/revisions\/633"}],"wp:featuredmedia":[{"embeddable":true,"href":"https:\/\/seal.transport-manager.net\/orizo\/wp-json\/wp\/v2\/media\/609"}],"wp:attachment":[{"href":"https:\/\/seal.transport-manager.net\/orizo\/wp-json\/wp\/v2\/media?parent=608"}],"wp:term":[{"taxonomy":"category","embeddable":true,"href":"https:\/\/seal.transport-manager.net\/orizo\/wp-json\/wp\/v2\/categories?post=608"},{"taxonomy":"post_tag","embeddable":true,"href":"https:\/\/seal.transport-manager.net\/orizo\/wp-json\/wp\/v2\/tags?post=608"}],"curies":[{"name":"wp","href":"https:\/\/api.w.org\/{rel}","templated":true}]}}