{"id":692,"date":"2023-02-26T15:04:34","date_gmt":"2023-02-26T14:04:34","guid":{"rendered":"https:\/\/seal.transport-manager.net\/orizo\/?p=692"},"modified":"2023-08-08T18:42:25","modified_gmt":"2023-08-08T16:42:25","slug":"navette-carnaval","status":"publish","type":"post","link":"https:\/\/seal.transport-manager.net\/orizo\/actualites\/2023\/02\/26\/692\/","title":{"rendered":"Navette carnaval"},"content":{"rendered":"\n<p>\u00c0 l&rsquo;occasion du carnaval de la m\u00e9tropole, Probus mettra en place dimanche 5 mars la ligne <strong>gratuite<\/strong><\/p>\n\n\n\n<p class=\"has-text-align-center has-large-font-size\"><span style=\"color:white;background-color:#e86a10;border-top-left-radius: 0.3em;border-bottom-right-radius:0.3em;padding-left:0.4em;padding-right:0.4em;padding-top:0.1em;padding-bottom:0.1em\">809<\/span> Gare Centrale \u2194 Parc Verlaine<\/p>\n\n\n\n<p>afin de relier les diff\u00e9rents points d&rsquo;animations organis\u00e9s ce jour.<\/p>\n\n\n\n<p>De 9h30 \u00e0 18h30, nous vous proposerons donc un bus toutes les 10 minutes sur cette ligne, avec un trajet d&rsquo;environ 15 minutes.<\/p>\n\n\n\n<div class=\"wp-block-buttons is-horizontal is-content-justification-center is-layout-flex wp-container-core-buttons-is-layout-03627597 wp-block-buttons-is-layout-flex\">\n<div class=\"wp-block-button\"><a class=\"wp-block-button__link has-background wp-element-button\" href=\"https:\/\/seal.transport-manager.net\/orizo\/notre-reseau\/ligne-809\/\" style=\"background-color:#e86a10\">retrouvez plus de renseignements sur la page d\u00e9di\u00e9e de la ligne !<\/a><\/div>\n<\/div>\n","protected":false},"excerpt":{"rendered":"<p>\u00c0 l&rsquo;occasion du carnaval de la m\u00e9tropole, Probus mettra en place dimanche 5 mars la ligne gratuite 809 Gare Centrale \u2194 Parc Verlaine afin de relier les diff\u00e9rents points d&rsquo;animations organis\u00e9s ce jour. De 9h30 \u00e0 18h30, nous vous proposerons donc un bus toutes les 10 minutes sur cette ligne, [&hellip;]<\/p>\n","protected":false},"author":54,"featured_media":693,"comment_status":"open","ping_status":"open","sticky":false,"template":"","format":"standard","meta":{"_EventAllDay":false,"_EventTimezone":"","_EventStartDate":"","_EventEndDate":"","_EventStartDateUTC":"","_EventEndDateUTC":"","_EventShowMap":false,"_EventShowMapLink":false,"_EventURL":"","_EventCost":"","_EventCostDescription":"","_EventCurrencySymbol":"","_EventCurrencyCode":"","_EventCurrencyPosition":"","_EventDateTimeSeparator":"","_EventTimeRangeSeparator":"","_EventOrganizerID":[],"_EventVenueID":[],"_OrganizerEmail":"","_OrganizerPhone":"","_OrganizerWebsite":"","_VenueAddress":"","_VenueCity":"","_VenueCountry":"","_VenueProvince":"","_VenueState":"","_VenueZip":"","_VenuePhone":"","_VenueURL":"","_VenueStateProvince":"","_VenueLat":"","_VenueLng":"","_VenueShowMap":false,"_VenueShowMapLink":false,"footnotes":""},"categories":[5,8,6],"tags":[14],"class_list":["post-692","post","type-post","status-publish","format-standard","has-post-thumbnail","hentry","category-actualites","category-fetes","category-info-reseau","tag-14"],"_links":{"self":[{"href":"https:\/\/seal.transport-manager.net\/orizo\/wp-json\/wp\/v2\/posts\/692","targetHints":{"allow":["GET"]}}],"collection":[{"href":"https:\/\/seal.transport-manager.net\/orizo\/wp-json\/wp\/v2\/posts"}],"about":[{"href":"https:\/\/seal.transport-manager.net\/orizo\/wp-json\/wp\/v2\/types\/post"}],"author":[{"embeddable":true,"href":"https:\/\/seal.transport-manager.net\/orizo\/wp-json\/wp\/v2\/users\/54"}],"replies":[{"embeddable":true,"href":"https:\/\/seal.transport-manager.net\/orizo\/wp-json\/wp\/v2\/comments?post=692"}],"version-history":[{"count":4,"href":"https:\/\/seal.transport-manager.net\/orizo\/wp-json\/wp\/v2\/posts\/692\/revisions"}],"predecessor-version":[{"id":698,"href":"https:\/\/seal.transport-manager.net\/orizo\/wp-json\/wp\/v2\/posts\/692\/revisions\/698"}],"wp:featuredmedia":[{"embeddable":true,"href":"https:\/\/seal.transport-manager.net\/orizo\/wp-json\/wp\/v2\/media\/693"}],"wp:attachment":[{"href":"https:\/\/seal.transport-manager.net\/orizo\/wp-json\/wp\/v2\/media?parent=692"}],"wp:term":[{"taxonomy":"category","embeddable":true,"href":"https:\/\/seal.transport-manager.net\/orizo\/wp-json\/wp\/v2\/categories?post=692"},{"taxonomy":"post_tag","embeddable":true,"href":"https:\/\/seal.transport-manager.net\/orizo\/wp-json\/wp\/v2\/tags?post=692"}],"curies":[{"name":"wp","href":"https:\/\/api.w.org\/{rel}","templated":true}]}}