{"id":731,"date":"2023-03-18T21:36:38","date_gmt":"2023-03-18T20:36:38","guid":{"rendered":"https:\/\/seal.transport-manager.net\/orizo\/?p=731"},"modified":"2023-08-08T18:42:16","modified_gmt":"2023-08-08T16:42:16","slug":"reouverture-du-grand-palais","status":"publish","type":"post","link":"https:\/\/seal.transport-manager.net\/orizo\/actualites\/2023\/03\/18\/731\/","title":{"rendered":"R\u00e9ouverture du Grand Palais"},"content":{"rendered":"\n<p>La municipalit\u00e9 de Probourg a le plaisir d&rsquo;annoncer la fin des travaux de r\u00e9habilitation du Grand Palais. En effet, apr\u00e8s avoir \u00e9t\u00e9 laiss\u00e9 \u00e0 l&rsquo;abandon durant des ann\u00e9es, le Grand Palais r\u00e9ouvrira enfin ses portes d\u00e9but avril, permettant au public de visiter ce b\u00e2timent embl\u00e9matique du centre-ville au travers de nombreuses expositions.<\/p>\n\n\n\n<hr class=\"wp-block-separator has-alpha-channel-opacity\" \/>\n\n\n\n<p>Afin d&rsquo;am\u00e9liorer l&rsquo;accessibilit\u00e9 de ce site, Probus annonce la cr\u00e9ation de deux nouvelles lignes :<\/p>\n\n\n\n<h3 class=\"wp-block-heading\"><span style=\"color:white;background-color:#894e24;border-top-left-radius: 0.3em;border-bottom-right-radius:0.3em;padding-left:0.4em;padding-right:0.4em;padding-top:0.1em;padding-bottom:0.1em\">6<\/span> Grand Palais &lt;&gt; Campus Maryse Esterle<\/h3>\n\n\n\n<h3 class=\"wp-block-heading\"><span style=\"color:white;background-color:#007229;border-top-left-radius: 0.3em;border-bottom-right-radius:0.3em;padding-left:0.4em;padding-right:0.4em;padding-top:0.1em;padding-bottom:0.1em\">7<\/span> Grand Palais &lt;&gt; Port Fluvial<\/h3>\n\n\n\n<hr class=\"wp-block-separator has-alpha-channel-opacity\" \/>\n\n\n\n<p>Retrouvez ci-dessous les fr\u00e9quences pr\u00e9visionnelles pour ces deux lignes :<\/p>\n\n\n\n<figure class=\"wp-block-table alignwide is-style-stripes\"><table class=\"has-fixed-layout\"><thead><tr><th class=\"has-text-align-center\" data-align=\"center\"> <\/th><th class=\"has-text-align-center\" data-align=\"center\">Semaine Creuse<\/th><th class=\"has-text-align-center\" data-align=\"center\">Semaine Pointe<\/th><th class=\"has-text-align-center\" data-align=\"center\">Semaine Soir<\/th><th class=\"has-text-align-center\" data-align=\"center\">Samedi Creuse<\/th><th class=\"has-text-align-center\" data-align=\"center\">Samedi Pointe<\/th><th class=\"has-text-align-center\" data-align=\"center\">Samedi Soir<\/th><th class=\"has-text-align-center\" data-align=\"center\">Dimanche Pointe<\/th><\/tr><\/thead><tbody><tr><td class=\"has-text-align-center\" data-align=\"center\"><span style=\"color:white;background-color:#894e24;border-top-left-radius: 0.3em;border-bottom-right-radius:0.3em;padding-left:0.4em;padding-right:0.4em;padding-top:0.1em;padding-bottom:0.1em\">6<\/span><\/td><td class=\"has-text-align-center\" data-align=\"center\">10 minutes<\/td><td class=\"has-text-align-center\" data-align=\"center\">8 minutes<\/td><td class=\"has-text-align-center\" data-align=\"center\">20 minutes<\/td><td class=\"has-text-align-center\" data-align=\"center\">15 minutes<\/td><td class=\"has-text-align-center\" data-align=\"center\">10 minutes<\/td><td class=\"has-text-align-center\" data-align=\"center\">&#8211;<\/td><td class=\"has-text-align-center\" data-align=\"center\">20 minutes<\/td><\/tr><tr><td class=\"has-text-align-center\" data-align=\"center\"><span style=\"color:white;background-color:#007229;border-top-left-radius: 0.3em;border-bottom-right-radius:0.3em;padding-left:0.4em;padding-right:0.4em;padding-top:0.1em;padding-bottom:0.1em\">7<\/span><\/td><td class=\"has-text-align-center\" data-align=\"center\">20 minutes<\/td><td class=\"has-text-align-center\" data-align=\"center\">15 minutes<\/td><td class=\"has-text-align-center\" data-align=\"center\">&#8211;<\/td><td class=\"has-text-align-center\" data-align=\"center\">20 minutes<\/td><td class=\"has-text-align-center\" data-align=\"center\">15 minutes<\/td><td class=\"has-text-align-center\" data-align=\"center\">45 minutes<\/td><td class=\"has-text-align-center\" data-align=\"center\">45 minutes<\/td><\/tr><\/tbody><\/table><\/figure>\n\n\n\n<hr class=\"wp-block-separator has-alpha-channel-opacity\" \/>\n\n\n\n<p>Vos lignes vous proposeront de plus de multiples correspondances avec le r\u00e9seau existant :<\/p>\n\n\n\n<div class=\"wp-block-columns alignwide is-layout-flex wp-container-core-columns-is-layout-28f84493 wp-block-columns-is-layout-flex\">\n<div class=\"wp-block-column is-layout-flow wp-block-column-is-layout-flow\">\n<h2 class=\"wp-block-heading has-text-align-center\"><span style=\"color:white;background-color:#894e24;border-top-left-radius: 0.3em;border-bottom-right-radius:0.3em;padding-left:0.4em;padding-right:0.4em;padding-top:0.1em;padding-bottom:0.1em\">6<\/span><\/h2>\n\n\n\n<p class=\"has-text-align-center\">Grand Palais &#8211; <span style=\"color:white;background-color:#007229;border-top-left-radius: 0.3em;border-bottom-right-radius:0.3em;padding-left:0.4em;padding-right:0.4em;padding-top:0.1em;padding-bottom:0.1em\">7<\/span><\/p>\n\n\n\n<p class=\"has-text-align-center\">Centre Cial Tulipe, Place de la Bourse, 8 mai &#8211; <span style=\"color:white;background-color:#00afad;border-top-left-radius: 0.3em;border-bottom-right-radius:0.3em;padding-left:0.4em;padding-right:0.4em;padding-top:0.1em;padding-bottom:0.1em\">4<\/span><\/p>\n<\/div>\n\n\n\n<div class=\"wp-block-column is-layout-flow wp-block-column-is-layout-flow\">\n<h2 class=\"wp-block-heading has-text-align-center\"><span style=\"color:white;background-color:#007229;border-top-left-radius: 0.3em;border-bottom-right-radius:0.3em;padding-left:0.4em;padding-right:0.4em;padding-top:0.1em;padding-bottom:0.1em\">7<\/span><\/h2>\n\n\n\n<p class=\"has-text-align-center\">Grand Palais &#8211; <span style=\"color:white;background-color:#894e24;border-top-left-radius: 0.3em;border-bottom-right-radius:0.3em;padding-left:0.4em;padding-right:0.4em;padding-top:0.1em;padding-bottom:0.1em\">6<\/span><\/p>\n\n\n\n<p class=\"has-text-align-center\">H\u00f4tel de Ville &#8211; <span style=\"color:white;background-color:#dc241f;border-top-left-radius: 0.3em;border-bottom-right-radius:0.3em;padding-left:0.4em;padding-right:0.4em;padding-top:0.1em;padding-bottom:0.1em\">1<\/span><\/p>\n\n\n\n<p class=\"has-text-align-center\">Gare de l&rsquo;Ouest &#8211; <span style=\"color:white;background-color:#e86a10;border-top-left-radius: 0.3em;border-bottom-right-radius:0.3em;padding-left:0.4em;padding-right:0.4em;padding-top:0.1em;padding-bottom:0.1em\">5<\/span> <span style=\"color:white;background-color:#333333;border-top-left-radius: 0.3em;border-bottom-right-radius:0.3em;padding-left:0.4em;padding-right:0.4em;padding-top:0.1em;padding-bottom:0.1em\">trains<\/span> <span style=\"color:white;background-color:#000a2d;border-top-left-radius: 0.3em;border-bottom-right-radius:0.3em;padding-left:0.4em;padding-right:0.4em;padding-top:0.1em;padding-bottom:0.1em\"> i <\/span><\/p>\n<\/div>\n<\/div>\n\n\n\n<hr class=\"wp-block-separator has-alpha-channel-opacity\" \/>\n\n\n\n<p>Enfin, et au vu de la fr\u00e9quentation croissante de la ligne <span style=\"color:white;background-color:#e86a10;border-top-left-radius: 0.3em;border-bottom-right-radius:0.3em;padding-left:0.4em;padding-right:0.4em;padding-top:0.1em;padding-bottom:0.1em\">5<\/span>, plus de bus seront affect\u00e9s \u00e0 cette ligne en heure de pointe \u00e0 compter du 3 avril.<\/p>\n\n\n\n<hr class=\"wp-block-separator has-alpha-channel-opacity\" \/>\n\n\n\n<p><span style=\"color:white;background-color:#000a2d;border-top-left-radius: 0.3em;border-bottom-right-radius:0.3em;padding-left:0.4em;padding-right:0.4em;padding-top:0.1em;padding-bottom:0.1em\">Probus<\/span> &#8211; ensemble, prenons le bus !<\/p>\n","protected":false},"excerpt":{"rendered":"<p>La municipalit\u00e9 de Probourg a le plaisir d&rsquo;annoncer la fin des travaux de r\u00e9habilitation du Grand Palais. En effet, apr\u00e8s avoir \u00e9t\u00e9 laiss\u00e9 \u00e0 l&rsquo;abandon durant des ann\u00e9es, le Grand Palais r\u00e9ouvrira enfin ses portes d\u00e9but avril, permettant au public de visiter ce b\u00e2timent embl\u00e9matique du centre-ville au travers de [&hellip;]<\/p>\n","protected":false},"author":54,"featured_media":1069,"comment_status":"open","ping_status":"open","sticky":false,"template":"","format":"standard","meta":{"_EventAllDay":false,"_EventTimezone":"","_EventStartDate":"","_EventEndDate":"","_EventStartDateUTC":"","_EventEndDateUTC":"","_EventShowMap":false,"_EventShowMapLink":false,"_EventURL":"","_EventCost":"","_EventCostDescription":"","_EventCurrencySymbol":"","_EventCurrencyCode":"","_EventCurrencyPosition":"","_EventDateTimeSeparator":"","_EventTimeRangeSeparator":"","_EventOrganizerID":[],"_EventVenueID":[],"_OrganizerEmail":"","_OrganizerPhone":"","_OrganizerWebsite":"","_VenueAddress":"","_VenueCity":"","_VenueCountry":"","_VenueProvince":"","_VenueState":"","_VenueZip":"","_VenuePhone":"","_VenueURL":"","_VenueStateProvince":"","_VenueLat":"","_VenueLng":"","_VenueShowMap":false,"_VenueShowMapLink":false,"footnotes":""},"categories":[5,6],"tags":[16,17],"class_list":["post-731","post","type-post","status-publish","format-standard","has-post-thumbnail","hentry","category-actualites","category-info-reseau","tag-16","tag-17"],"_links":{"self":[{"href":"https:\/\/seal.transport-manager.net\/orizo\/wp-json\/wp\/v2\/posts\/731","targetHints":{"allow":["GET"]}}],"collection":[{"href":"https:\/\/seal.transport-manager.net\/orizo\/wp-json\/wp\/v2\/posts"}],"about":[{"href":"https:\/\/seal.transport-manager.net\/orizo\/wp-json\/wp\/v2\/types\/post"}],"author":[{"embeddable":true,"href":"https:\/\/seal.transport-manager.net\/orizo\/wp-json\/wp\/v2\/users\/54"}],"replies":[{"embeddable":true,"href":"https:\/\/seal.transport-manager.net\/orizo\/wp-json\/wp\/v2\/comments?post=731"}],"version-history":[{"count":6,"href":"https:\/\/seal.transport-manager.net\/orizo\/wp-json\/wp\/v2\/posts\/731\/revisions"}],"predecessor-version":[{"id":1070,"href":"https:\/\/seal.transport-manager.net\/orizo\/wp-json\/wp\/v2\/posts\/731\/revisions\/1070"}],"wp:featuredmedia":[{"embeddable":true,"href":"https:\/\/seal.transport-manager.net\/orizo\/wp-json\/wp\/v2\/media\/1069"}],"wp:attachment":[{"href":"https:\/\/seal.transport-manager.net\/orizo\/wp-json\/wp\/v2\/media?parent=731"}],"wp:term":[{"taxonomy":"category","embeddable":true,"href":"https:\/\/seal.transport-manager.net\/orizo\/wp-json\/wp\/v2\/categories?post=731"},{"taxonomy":"post_tag","embeddable":true,"href":"https:\/\/seal.transport-manager.net\/orizo\/wp-json\/wp\/v2\/tags?post=731"}],"curies":[{"name":"wp","href":"https:\/\/api.w.org\/{rel}","templated":true}]}}