{"id":767,"date":"2023-04-25T12:05:57","date_gmt":"2023-04-25T10:05:57","guid":{"rendered":"https:\/\/seal.transport-manager.net\/orizo\/?p=767"},"modified":"2023-04-25T12:05:58","modified_gmt":"2023-04-25T10:05:58","slug":"des-bus-electriques-testes-sur-vos-lignes","status":"publish","type":"post","link":"https:\/\/seal.transport-manager.net\/orizo\/actualites\/2023\/04\/25\/767\/","title":{"rendered":"Des bus \u00e9lectriques test\u00e9s sur vos lignes"},"content":{"rendered":"\n<p>Dans un objectif de toujours r\u00e9duire son empreinte carbone, Probus a investi dans la cr\u00e9ation de bornes de recharges dans notre d\u00e9p\u00f4t, et teste actuellement cinq v\u00e9hicules de type Urbino 12 sur vos lignes.<\/p>\n\n\n\n<p>Retrouvez-les sur la ligne <span style=\"color:white;background-color:#00afad;border-top-left-radius: 0.3em;border-bottom-right-radius:0.3em;padding-left:0.4em;padding-right:0.4em;padding-top:0.1em;padding-bottom:0.1em\">4<\/span> en semaine et le samedi, sur la ligne <span style=\"color:white;background-color:#e86a10;border-top-left-radius: 0.3em;border-bottom-right-radius:0.3em;padding-left:0.4em;padding-right:0.4em;padding-top:0.1em;padding-bottom:0.1em\">5<\/span> le samedi soir, sur la ligne <span style=\"color:white;background-color:#894e24;border-top-left-radius: 0.3em;border-bottom-right-radius:0.3em;padding-left:0.4em;padding-right:0.4em;padding-top:0.1em;padding-bottom:0.1em\">6<\/span> le dimanche et la ligne <span style=\"color:white;background-color:#007229;border-top-left-radius: 0.3em;border-bottom-right-radius:0.3em;padding-left:0.4em;padding-right:0.4em;padding-top:0.1em;padding-bottom:0.1em\">7<\/span> le samedi soir et le dimanche.<\/p>\n\n\n\n<p>Ces v\u00e9hicules remplacent entre autres les Urbino 10 de la ligne <span style=\"color:white;background-color:#00afad;border-top-left-radius: 0.3em;border-bottom-right-radius:0.3em;padding-left:0.4em;padding-right:0.4em;padding-top:0.1em;padding-bottom:0.1em\">4<\/span> vieillissants et \u00e0 la fiabilit\u00e9 al\u00e9atoire. Ces v\u00e9hicules \u00e9lectriques permettront donc, en plus de r\u00e9duire les \u00e9missions de gaz \u00e0 effet de serre, d&rsquo;am\u00e9liorer vos conditions de voyage.<\/p>\n\n\n\n<p>Enfin, ces v\u00e9hicules vont proposer des plages horaires plus grandes pour la ligne <span style=\"color:white;background-color:#00afad;border-top-left-radius: 0.3em;border-bottom-right-radius:0.3em;padding-left:0.4em;padding-right:0.4em;padding-top:0.1em;padding-bottom:0.1em\">4<\/span>. Retrouvez ci-dessous vos nouvelles fr\u00e9quences :<\/p>\n\n\n\n<figure class=\"wp-block-table alignwide is-style-stripes\"><table class=\"has-fixed-layout\"><thead><tr><th class=\"has-text-align-center\" data-align=\"center\">de 5h \u00e0 7h<\/th><th class=\"has-text-align-center\" data-align=\"center\">de 7h \u00e0 10h<\/th><th class=\"has-text-align-center\" data-align=\"center\">de 10h \u00e0 12h<\/th><th class=\"has-text-align-center\" data-align=\"center\">de 12h \u00e0 13h<\/th><th class=\"has-text-align-center\" data-align=\"center\">de 13h \u00e0 15h<\/th><th class=\"has-text-align-center\" data-align=\"center\">de 15h \u00e0 20h<\/th><th class=\"has-text-align-center\" data-align=\"center\">de 20h \u00e0 0h<\/th><\/tr><\/thead><tbody><tr><td class=\"has-text-align-center\" data-align=\"center\">30 minutes<\/td><td class=\"has-text-align-center\" data-align=\"center\">15 minutes<\/td><td class=\"has-text-align-center\" data-align=\"center\">30 minutes<\/td><td class=\"has-text-align-center\" data-align=\"center\">15 minutes<\/td><td class=\"has-text-align-center\" data-align=\"center\">30 minutes<\/td><td class=\"has-text-align-center\" data-align=\"center\">15 minutes<\/td><td class=\"has-text-align-center\" data-align=\"center\">30 minutes<\/td><\/tr><\/tbody><\/table><figcaption class=\"wp-element-caption\"><em>Fr\u00e9quences du lundi au vendredi &#8211; ligne <\/em><span style=\"color:white;background-color:#00afad;border-top-left-radius: 0.3em;border-bottom-right-radius:0.3em;padding-left:0.4em;padding-right:0.4em;padding-top:0.1em;padding-bottom:0.1em\">4<\/span><\/figcaption><\/figure>\n\n\n\n<figure class=\"wp-block-table alignwide is-style-stripes\"><table><thead><tr><th class=\"has-text-align-center\" data-align=\"center\">de 6h \u00e0 20h30<\/th><\/tr><\/thead><tbody><tr><td class=\"has-text-align-center\" data-align=\"center\">30 minutes<\/td><\/tr><\/tbody><\/table><figcaption class=\"wp-element-caption\"><em>Fr\u00e9quences du samedi &#8211; ligne <\/em><span style=\"color:white;background-color:#00afad;border-top-left-radius: 0.3em;border-bottom-right-radius:0.3em;padding-left:0.4em;padding-right:0.4em;padding-top:0.1em;padding-bottom:0.1em\">4<\/span><\/figcaption><\/figure>\n\n\n\n<p>Enfin, la ligne <span style=\"color:white;background-color:#007229;border-top-left-radius: 0.3em;border-bottom-right-radius:0.3em;padding-left:0.4em;padding-right:0.4em;padding-top:0.1em;padding-bottom:0.1em\">7<\/span> circulera d\u00e9sormais le dimanche toutes les 30 minutes de 9 heures \u00e0 20 heures 30, au lieu de 40 minutes de 9 heures \u00e0 18 heures 30 !<\/p>\n\n\n\n<p><span style=\"color:white;background-color:#000a2d;border-top-left-radius: 0.3em;border-bottom-right-radius:0.3em;padding-left:0.4em;padding-right:0.4em;padding-top:0.1em;padding-bottom:0.1em\">Probus<\/span> &#8211; ensemble, prenons le bus !<\/p>\n","protected":false},"excerpt":{"rendered":"<p>Dans un objectif de toujours r\u00e9duire son empreinte carbone, Probus a investi dans la cr\u00e9ation de bornes de recharges dans notre d\u00e9p\u00f4t, et teste actuellement cinq v\u00e9hicules de type Urbino 12 sur vos lignes. Retrouvez-les sur la ligne 4 en semaine et le samedi, sur la ligne 5 le samedi [&hellip;]<\/p>\n","protected":false},"author":54,"featured_media":758,"comment_status":"open","ping_status":"open","sticky":false,"template":"","format":"standard","meta":{"_EventAllDay":false,"_EventTimezone":"","_EventStartDate":"","_EventEndDate":"","_EventStartDateUTC":"","_EventEndDateUTC":"","_EventShowMap":false,"_EventShowMapLink":false,"_EventURL":"","_EventCost":"","_EventCostDescription":"","_EventCurrencySymbol":"","_EventCurrencyCode":"","_EventCurrencyPosition":"","_EventDateTimeSeparator":"","_EventTimeRangeSeparator":"","_EventOrganizerID":[],"_EventVenueID":[],"_OrganizerEmail":"","_OrganizerPhone":"","_OrganizerWebsite":"","_VenueAddress":"","_VenueCity":"","_VenueCountry":"","_VenueProvince":"","_VenueState":"","_VenueZip":"","_VenuePhone":"","_VenueURL":"","_VenueStateProvince":"","_VenueLat":"","_VenueLng":"","_VenueShowMap":false,"_VenueShowMapLink":false,"footnotes":""},"categories":[5,6],"tags":[],"class_list":["post-767","post","type-post","status-publish","format-standard","has-post-thumbnail","hentry","category-actualites","category-info-reseau"],"_links":{"self":[{"href":"https:\/\/seal.transport-manager.net\/orizo\/wp-json\/wp\/v2\/posts\/767","targetHints":{"allow":["GET"]}}],"collection":[{"href":"https:\/\/seal.transport-manager.net\/orizo\/wp-json\/wp\/v2\/posts"}],"about":[{"href":"https:\/\/seal.transport-manager.net\/orizo\/wp-json\/wp\/v2\/types\/post"}],"author":[{"embeddable":true,"href":"https:\/\/seal.transport-manager.net\/orizo\/wp-json\/wp\/v2\/users\/54"}],"replies":[{"embeddable":true,"href":"https:\/\/seal.transport-manager.net\/orizo\/wp-json\/wp\/v2\/comments?post=767"}],"version-history":[{"count":4,"href":"https:\/\/seal.transport-manager.net\/orizo\/wp-json\/wp\/v2\/posts\/767\/revisions"}],"predecessor-version":[{"id":771,"href":"https:\/\/seal.transport-manager.net\/orizo\/wp-json\/wp\/v2\/posts\/767\/revisions\/771"}],"wp:featuredmedia":[{"embeddable":true,"href":"https:\/\/seal.transport-manager.net\/orizo\/wp-json\/wp\/v2\/media\/758"}],"wp:attachment":[{"href":"https:\/\/seal.transport-manager.net\/orizo\/wp-json\/wp\/v2\/media?parent=767"}],"wp:term":[{"taxonomy":"category","embeddable":true,"href":"https:\/\/seal.transport-manager.net\/orizo\/wp-json\/wp\/v2\/categories?post=767"},{"taxonomy":"post_tag","embeddable":true,"href":"https:\/\/seal.transport-manager.net\/orizo\/wp-json\/wp\/v2\/tags?post=767"}],"curies":[{"name":"wp","href":"https:\/\/api.w.org\/{rel}","templated":true}]}}