{"id":786,"date":"2023-05-20T17:37:04","date_gmt":"2023-05-20T15:37:04","guid":{"rendered":"https:\/\/seal.transport-manager.net\/orizo\/?p=786"},"modified":"2023-08-06T10:10:24","modified_gmt":"2023-08-06T08:10:24","slug":"journee-sans-voiture","status":"publish","type":"post","link":"https:\/\/seal.transport-manager.net\/orizo\/actualites\/2023\/05\/20\/786\/","title":{"rendered":"Journ\u00e9e sans voiture"},"content":{"rendered":"\n<p>Ce dimanche 4 juin, l&rsquo;agglom\u00e9ration de Probourg organise une journ\u00e9e sans voiture. De ce fait, les voitures individuelles seront interdites de circuler de 10 heures \u00e0 19 heures. Afin de pouvoir profiter comme il se doit de cette journ\u00e9e ainsi que des diverses animations organis\u00e9es, Probus renforce son r\u00e9seau ce dimanche comme suit :<\/p>\n\n\n\n<figure class=\"wp-block-table alignwide is-style-stripes\"><table><thead><tr><th class=\"has-text-align-center\" data-align=\"center\">ligne<\/th><th class=\"has-text-align-center\" data-align=\"center\">horaires<\/th><\/tr><\/thead><tbody><tr><td class=\"has-text-align-center\" data-align=\"center\"><span style=\"color:white;background-color:#dc241f;border-top-left-radius: 0.3em;border-bottom-right-radius:0.3em;padding-left:0.4em;padding-right:0.4em;padding-top:0.1em;padding-bottom:0.1em\">1<\/span> Gare Centrale &lt;&gt; Campus Alan Turing<\/td><td class=\"has-text-align-center\" data-align=\"center\">un bus toutes les 15 minutes de 05:00 \u00e0 02:15<\/td><\/tr><tr><td class=\"has-text-align-center\" data-align=\"center\"><span style=\"color:white;background-color:#9364cc;border-top-left-radius: 0.3em;border-bottom-right-radius:0.3em;padding-left:0.4em;padding-right:0.4em;padding-top:0.1em;padding-bottom:0.1em\">2<\/span> Gare Centrale &lt;&gt; A\u00e9roport International<\/td><td class=\"has-text-align-center\" data-align=\"center\">un bus toutes les 12 minutes de 05:00 \u00e0 04:00<\/td><\/tr><tr><td class=\"has-text-align-center\" data-align=\"center\"><span style=\"color:white;background-color:#f1ab00;border-top-left-radius: 0.3em;border-bottom-right-radius:0.3em;padding-left:0.4em;padding-right:0.4em;padding-top:0.1em;padding-bottom:0.1em\">3<\/span> Gare Centrale &lt;&gt; Campus Marthe Gautier<\/td><td class=\"has-text-align-center\" data-align=\"center\">un bus toutes les 20 minutes de 05:00 \u00e0 02:20<\/td><\/tr><tr><td class=\"has-text-align-center\" data-align=\"center\"><span style=\"color:white;background-color:#00afad;border-top-left-radius: 0.3em;border-bottom-right-radius:0.3em;padding-left:0.4em;padding-right:0.4em;padding-top:0.1em;padding-bottom:0.1em\">4<\/span> Gare Centrale &lt;&gt; Gare de l&rsquo;Est<br><span style=\"color:white;background-color:#ffce00;font:Segoe Fluent Icons;border-top-left-radius: 0.3em;border-bottom-right-radius:0.3em;padding-left:0.4em;padding-right:0.4em;padding-top:0.1em;padding-bottom:0.1em\">Ligne \u00e9lectrique<\/span><\/td><td class=\"has-text-align-center\" data-align=\"center\">un bus toutes les 30 minutes de 07:00 \u00e0 21:30<\/td><\/tr><tr><td class=\"has-text-align-center\" data-align=\"center\"><span style=\"color:white;background-color:#e86a10;border-top-left-radius: 0.3em;border-bottom-right-radius:0.3em;padding-left:0.4em;padding-right:0.4em;padding-top:0.1em;padding-bottom:0.1em\">5<\/span> Mus\u00e9e d&rsquo;Art Moderne &lt;&gt; P\u00f4le Luca Pacioli<\/td><td class=\"has-text-align-center\" data-align=\"center\">un bus toutes les 20 minutes de 05:00 \u00e0 02:20<\/td><\/tr><tr><td class=\"has-text-align-center\" data-align=\"center\"><span style=\"color:white;background-color:#894e24;border-top-left-radius: 0.3em;border-bottom-right-radius:0.3em;padding-left:0.4em;padding-right:0.4em;padding-top:0.1em;padding-bottom:0.1em\">6<\/span> Grand Palais &lt;&gt; Campus Maryse Esterle<\/td><td class=\"has-text-align-center\" data-align=\"center\">un bus toutes les 12 minutes de 05:30 \u00e0 02:00<\/td><\/tr><tr><td class=\"has-text-align-center\" data-align=\"center\"><span style=\"color:white;background-color:#007229;border-top-left-radius: 0.3em;border-bottom-right-radius:0.3em;padding-left:0.4em;padding-right:0.4em;padding-top:0.1em;padding-bottom:0.1em\">7<\/span> Grand Palais &lt;&gt; Port fluvial<\/td><td class=\"has-text-align-center\" data-align=\"center\">un bus toutes les 20 minutes de 06:00 \u00e0 01:00<\/td><\/tr><\/tbody><\/table><\/figure>\n\n\n\n<p>Ces fr\u00e9quences am\u00e9lior\u00e9es vous permettront de profiter au mieux de votre journ\u00e9e.<\/p>\n\n\n\n<p>L&rsquo;usage de nos services de transport sera gratuit ce jour-l\u00e0.<\/p>\n\n\n\n<p>En fonction des r\u00e9sultats de la fr\u00e9quentation pour ce jour-ci, vos fr\u00e9quences du dimanche pourraient \u00eatre amen\u00e9es \u00e0 \u00e9voluer dans les mois \u00e0 venir.<\/p>\n\n\n\n<p><span style=\"color:white;background-color:#000a2d;border-top-left-radius: 0.3em;border-bottom-right-radius:0.3em;padding-left:0.4em;padding-right:0.4em;padding-top:0.1em;padding-bottom:0.1em\">Probus<\/span> &#8211; ensemble, prenons le bus !<\/p>\n","protected":false},"excerpt":{"rendered":"<p>Adaptation de votre offre le dimanche 4 juin 2023.<\/p>\n","protected":false},"author":54,"featured_media":1229,"comment_status":"open","ping_status":"open","sticky":false,"template":"","format":"standard","meta":{"_EventAllDay":false,"_EventTimezone":"","_EventStartDate":"","_EventEndDate":"","_EventStartDateUTC":"","_EventEndDateUTC":"","_EventShowMap":false,"_EventShowMapLink":false,"_EventURL":"","_EventCost":"","_EventCostDescription":"","_EventCurrencySymbol":"","_EventCurrencyCode":"","_EventCurrencyPosition":"","_EventDateTimeSeparator":"","_EventTimeRangeSeparator":"","_EventOrganizerID":[],"_EventVenueID":[],"_OrganizerEmail":"","_OrganizerPhone":"","_OrganizerWebsite":"","_VenueAddress":"","_VenueCity":"","_VenueCountry":"","_VenueProvince":"","_VenueState":"","_VenueZip":"","_VenuePhone":"","_VenueURL":"","_VenueStateProvince":"","_VenueLat":"","_VenueLng":"","_VenueShowMap":false,"_VenueShowMapLink":false,"footnotes":""},"categories":[5,8,7,6],"tags":[],"class_list":["post-786","post","type-post","status-publish","format-standard","has-post-thumbnail","hentry","category-actualites","category-fetes","category-horaires","category-info-reseau"],"_links":{"self":[{"href":"https:\/\/seal.transport-manager.net\/orizo\/wp-json\/wp\/v2\/posts\/786","targetHints":{"allow":["GET"]}}],"collection":[{"href":"https:\/\/seal.transport-manager.net\/orizo\/wp-json\/wp\/v2\/posts"}],"about":[{"href":"https:\/\/seal.transport-manager.net\/orizo\/wp-json\/wp\/v2\/types\/post"}],"author":[{"embeddable":true,"href":"https:\/\/seal.transport-manager.net\/orizo\/wp-json\/wp\/v2\/users\/54"}],"replies":[{"embeddable":true,"href":"https:\/\/seal.transport-manager.net\/orizo\/wp-json\/wp\/v2\/comments?post=786"}],"version-history":[{"count":6,"href":"https:\/\/seal.transport-manager.net\/orizo\/wp-json\/wp\/v2\/posts\/786\/revisions"}],"predecessor-version":[{"id":1230,"href":"https:\/\/seal.transport-manager.net\/orizo\/wp-json\/wp\/v2\/posts\/786\/revisions\/1230"}],"wp:featuredmedia":[{"embeddable":true,"href":"https:\/\/seal.transport-manager.net\/orizo\/wp-json\/wp\/v2\/media\/1229"}],"wp:attachment":[{"href":"https:\/\/seal.transport-manager.net\/orizo\/wp-json\/wp\/v2\/media?parent=786"}],"wp:term":[{"taxonomy":"category","embeddable":true,"href":"https:\/\/seal.transport-manager.net\/orizo\/wp-json\/wp\/v2\/categories?post=786"},{"taxonomy":"post_tag","embeddable":true,"href":"https:\/\/seal.transport-manager.net\/orizo\/wp-json\/wp\/v2\/tags?post=786"}],"curies":[{"name":"wp","href":"https:\/\/api.w.org\/{rel}","templated":true}]}}