{"id":829,"date":"2023-06-03T19:41:13","date_gmt":"2023-06-03T17:41:13","guid":{"rendered":"https:\/\/seal.transport-manager.net\/orizo\/?p=829"},"modified":"2023-12-25T12:00:09","modified_gmt":"2023-12-25T11:00:09","slug":"travaux-lignes-2-et-3","status":"publish","type":"post","link":"https:\/\/seal.transport-manager.net\/orizo\/actualites\/2023\/06\/03\/829\/","title":{"rendered":"Travaux lignes 2 et 3"},"content":{"rendered":"\n<figure class=\"wp-block-image alignfull size-full is-style-default\"><img loading=\"lazy\" decoding=\"async\" width=\"1748\" height=\"126\" src=\"https:\/\/seal.transport-manager.net\/orizo\/wp-content\/uploads\/sites\/54\/2023\/06\/image-3.png\" alt=\"\" class=\"wp-image-841\" srcset=\"https:\/\/seal.transport-manager.net\/orizo\/wp-content\/uploads\/sites\/54\/2023\/06\/image-3.png 1748w, https:\/\/seal.transport-manager.net\/orizo\/wp-content\/uploads\/sites\/54\/2023\/06\/image-3-300x22.png 300w, https:\/\/seal.transport-manager.net\/orizo\/wp-content\/uploads\/sites\/54\/2023\/06\/image-3-1024x74.png 1024w, https:\/\/seal.transport-manager.net\/orizo\/wp-content\/uploads\/sites\/54\/2023\/06\/image-3-768x55.png 768w, https:\/\/seal.transport-manager.net\/orizo\/wp-content\/uploads\/sites\/54\/2023\/06\/image-3-1536x111.png 1536w\" sizes=\"auto, (max-width: 1748px) 100vw, 1748px\" \/><\/figure>\n\n\n\n<div class=\"wp-block-columns alignwide is-layout-flex wp-container-core-columns-is-layout-28f84493 wp-block-columns-is-layout-flex\">\n<div class=\"wp-block-column is-layout-flow wp-block-column-is-layout-flow\">\n<p>Cet \u00e9t\u00e9, Probus et Probourg Agglom\u00e9ration mettent tout en \u0153uvre pour am\u00e9liorer vos conditions de trafic, plus particuli\u00e8rement sur les lignes 2 et 3, parmi les plus fr\u00e9quent\u00e9es du r\u00e9seau.<\/p>\n\n\n\n<p>Les lignes 2 et 3, en tronc commun de la Gare Centrale jusqu&rsquo;au Palais des Beaux-Arts transportent \u00e0 elles seules pr\u00e8s de la moiti\u00e9 des passagers quotidiens (environ 15 000 passagers par jour de semaine, 30 000 pour tout le r\u00e9seau).<\/p>\n\n\n\n<p>Ces deux lignes seront les premi\u00e8res \u00e0 subir une \u00ab r\u00e9novation \u00bb profonde. D\u00e8s cet \u00e9t\u00e9, des travaux auront lieu afin d&rsquo;am\u00e9liorer la fluidit\u00e9 de vos lignes, qui pourront relier leurs terminus plus rapidement, particuli\u00e8rement en heure de pointe. Ces travaux consisteront \u00e0 cr\u00e9er des sites propres, voies qui seront r\u00e9serv\u00e9es aux bus et aux cyclistes, et donc hors d&#8217;embouteillages. Cette premi\u00e8re phase aura lieu durant tout l&rsquo;\u00e9t\u00e9, vos lignes seront par cons\u00e9quent modifi\u00e9es selon les dates annonc\u00e9es plus bas.<\/p>\n\n\n\n<p>Ensuite, des \u00e9quipements sp\u00e9cifiques seront install\u00e9s pour encore plus de fluidit\u00e9 et de confort, et vos lignes recevront de nouveaux v\u00e9hicules. La fin de cette phase est annonc\u00e9e pour d\u00e9but 2024.<\/p>\n\n\n\n<p>\u00c0 cette date, vos deux lignes seront plus confortables, plus efficaces et encore plus fr\u00e9quentes.<\/p>\n\n\n\n<p>Voici le planning des travaux pour cet \u00e9t\u00e9 :<\/p>\n\n\n<style>\r\n\t.wpsm_tab_834 .wpsm_nav-tabs li a,\r\n\t.wpsm_tab_834 .wpsm_nav-tabs li a:hover,\r\n\t.wpsm_tab_834 .wpsm_nav-tabs li a:focus{\r\n\t\toutline: none;\r\n\t\ttext-decoration: none;\r\n\t}\r\n\t#wpsm_tab_container_834 a,\r\n\t#wpsm_tab_container_834 a:hover{\r\n\t\t-webkit-box-shadow:none;\r\n\t\tbox-shadow:none;\r\n\t}\r\n\t#wpsm_tab_container_834{\r\n\t\toverflow: hidden;\r\n\t\tdisplay: block;\r\n\t\twidth: 100%;\r\n\t\tborder: 0px solid #ddd;\r\n\t\tmargin-bottom: 30px;\r\n\t\tmargin-top:20px;\r\n\t}\r\n\t#wpsm_tab_container_834 ul{\r\n\t\tpadding:0;\r\n\t\tmargin:0;\r\n\t}\r\n\t.wpsm_tab_834 .wpsm_nav-tabs li{\r\n\t\tmargin-left:0;\r\n\t}\r\n\t.wpsm_tab_834 .wpsm_nav-tabs li a i{\r\n\t\theight:auto;\r\n\t}\r\n\t#wpsm_tab_container_834 .wpsm_nav li .wpsm_tabs_img_icon,\r\n\t#wpsm_tab_container_834 .wpsm_nav li .wpsm-icons{\r\n\t\tvertical-align:middle;\r\n\t}\r\n\t@media only screen and (max-width: 600px) {\r\n\t\t.wpsm_tab_834 .wpsm_nav-tabs li{\r\n\t\t\tfloat:none;\r\n\t\t}\r\n\t\t\r\n\t}\r\n\t\t#wpsm_tab_container_834 .wpsm_nav li .wpsm_tabs_img_icon{\r\n\t\tbox-shadow:none;\r\n\t\t-webkit-box-shadow:none;\r\n\t\t\t\t\twidth:19px;\r\n\t\t\theight:19px;\r\n\t\t\t}\r\n\t\r\n\t#wpsm_tab_container_834 .wpsm_tab_834 .wpsm_nav-tabs li a\r\n\t{\r\n\t\t\t\t\t\tbackground-image: none !important;\r\n\t\t\t\t}\r\n\t\r\n\t\t.wpsm_tab_834 .wpsm_nav-tabs li a i,\r\n\t.wpsm_tab_834 .wpsm_nav-tabs li a img\r\n\t{\t\r\n\t\t\t\r\n\t\t\tdisplay:inline;\r\n\t\t\tmargin:0 8px 0 0;\r\n\t\t\t\t}\r\n\t<\/style><style>\r\n\/* design 14 *\/\r\n.wpsm_tab_834 a:hover,\r\n.wpsm_tab_834 a:focus{\r\n    outline: none;\r\n    text-decoration: none;\r\n}\r\n.wpsm_tab_834 .wpsm_nav-tabs{\r\n    background: transparent;\r\n\tborder-bottom:0px;\r\n\tfloat: left;\r\n}\r\n.wpsm_tab_834 .wpsm_nav-tabs li{\r\n    text-align: center;\r\n   \tmargin-left: 0;\r\n\tfloat: none !important;\r\n\tmargin-right:0 !important;\r\n\tmargin-bottom:4px;\r\n}\r\n.wpsm_tab_834 .wpsm_nav-tabs li a{\r\n    font-size: 19px;\r\n    color: #ffffff;\r\n    padding: 18px 25px;\r\n    background: #666666;\r\n    margin-right: 0;\r\n    border-radius: 0;\r\n    border: none;\r\n    position: relative;\r\n    transition: all 0.5s ease 0s;\r\n\tfont-weight:100;\r\n\tfont-family:Tahoma;\r\n\ttext-align:center;\r\n}\r\n.wpsm_tab_834 .wpsm_nav-tabs li.active a,\r\n.wpsm_tab_834 .wpsm_nav-tabs li a:hover{\r\n    background: #333333 !important;\r\n    color: #ffffff !important;\r\n    border: none;\r\n}\r\n.wpsm_tab_834 .wpsm_tab_content{\r\n    font-size: 19px;\r\n    color: ;\r\n    line-height: 1.6;\r\n    padding: 30px 40px;\r\n    border: 19px solid #333333;\r\n\tfont-family:Tahoma;\r\n\tbackground:;\r\n}\r\n.wpsm_tab_834 .wpsm_tab_content .tab-pane p{\r\n\tcolor:;\r\n    font-size: 19px;\r\n\tfont-family:Tahoma;\r\n\tbackground:;\r\n    border:none;\r\n\tline-height:1.6;\r\n\tpadding:0;\r\n\ttext-align:left;\r\n}\r\n.wpsm_tab_834 .wpsm_nav-tabs li a i{\r\n\tcolor: ;\r\n\tfont-size: 19px;\r\n}\r\n.wpsm_tab_834 .wpsm_nav-tabs li.active a i,\r\n.wpsm_tab_834 .wpsm_nav-tabs li a:hover i{\r\n\tcolor:  !important;\r\n}\r\n@media only screen and (max-width: 480px){\r\n    .wpsm_tab_834 .wpsm_nav-tabs li{ width: 100% !important; }\r\n\t.wpsm_tab_834 .wpsm_nav-tabs{float:none !important;}\r\n\t\t\t.wpsm_tab_834 .wpsm_tab_content{\r\n\t\t\tborder: 1px solid #333333;\r\n\t\t}\r\n\t}\r\n<\/style><div id=\"wpsm_tab_container_834\">\r\n\t<div class=\"wpsm_tab_834\"  role=\"tabpanel\">\r\n\t\t\r\n\t\t<!-- wpshopmart tabs pro menu -->\r\n\t\t<ul class=\"wpsm_nav wpsm_nav-tabs\" role=\"tablist\" id=\"myTab_834\">\r\n\t\t\t                 \r\n\t\t\t\t<li role=\"presentation\" class=\"\">\r\n\t\t\t\t\t<a href=\"#tabs_desc_834_1\" aria-controls=\"home\" role=\"tab\" data-toggle=\"tab\"  style=\"\">\r\n\t\t\t\t\t\t<i class=\"fa fa-blank wpsm-icons\"   ><\/i>du 26\/06 au 02\/07\t\t\t\t\t<\/a>\r\n\t\t\t\t<\/li>\r\n\t\t\t\t                 \r\n\t\t\t\t<li role=\"presentation\" class=\"\">\r\n\t\t\t\t\t<a href=\"#tabs_desc_834_2\" aria-controls=\"home\" role=\"tab\" data-toggle=\"tab\"  style=\"\">\r\n\t\t\t\t\t\t<i class=\"fa fa-blank wpsm-icons\"   ><\/i>du 03 au 23\/07\t\t\t\t\t<\/a>\r\n\t\t\t\t<\/li>\r\n\t\t\t\t                 \r\n\t\t\t\t<li role=\"presentation\" class=\"\">\r\n\t\t\t\t\t<a href=\"#tabs_desc_834_3\" aria-controls=\"home\" role=\"tab\" data-toggle=\"tab\"  style=\"\">\r\n\t\t\t\t\t\t<i class=\"fa fa-blank wpsm-icons\"   ><\/i>du 24\/07 au 06\/08\t\t\t\t\t<\/a>\r\n\t\t\t\t<\/li>\r\n\t\t\t\t                 \r\n\t\t\t\t<li role=\"presentation\" class=\"active\">\r\n\t\t\t\t\t<a href=\"#tabs_desc_834_4\" aria-controls=\"home\" role=\"tab\" data-toggle=\"tab\"  style=\"\">\r\n\t\t\t\t\t\t<i class=\"fa fa-blank wpsm-icons\"   ><\/i>du 07 au 27\/08\t\t\t\t\t<\/a>\r\n\t\t\t\t<\/li>\r\n\t\t\t\t  \r\n\t\t<\/ul>\r\n\t\t\r\n\t\t<!-- wpshopmart tabs pro Menu Content -->\r\n\t\t<div class=\"wpsm_tab_content tabs\">\r\n\t\t\t \r\n\t\t\t\t<div role=\"tabpanel\" class=\"tab-pane \" id=\"tabs_desc_834_1\">\r\n\t\t\t\t\t<p>Nos services pr\u00e9pareront les travaux sur les deux lignes.<\/p>\r\n<p>Afin de limiter au maximum le d\u00e9rangement, les pr\u00e9paratifs auront lieu durant les p\u00e9riodes creuses de votre r\u00e9seau.<\/p>\r\n<p>Cependant, quelques retards pourraient avoir lieu, ainsi que des perturbations d'acc\u00e8s \u00e0 certains arr\u00eats.<\/p>\t\t\t\t<\/div>\r\n\t\t\t\t\r\n\t\t\t\t \r\n\t\t\t\t<div role=\"tabpanel\" class=\"tab-pane \" id=\"tabs_desc_834_2\">\r\n\t\t\t\t\t<h2>Travaux - Phase 1<\/h2>\r\n<h3>Ligne <span style=\"color: white; background-color: #9364cc; border-top-left-radius: 0.3em; border-bottom-right-radius: 0.3em; padding: 0.1em 0.4em 0.1em 0.4em;\">2<\/span> - A\u00e9roport International &lt;&gt; Place de l'Europe<\/h3>\r\n<p>Des perturbations seront \u00e0 pr\u00e9voir lors des travaux entre l'A\u00e9roport et la Place de l'Europe.<\/p>\r\n<p>Les soirs de semaine, le samedi matin et le dimanche, la ligne 2 sera interrompue entre l'A\u00e9roport et la Place de l'Europe.<\/p>\r\n<p>Des navettes seront mises en place afin de relier l'A\u00e9roport \u00e0 la Place de l'Europe en correspondance avec les horaires des vols. De plus, plus de trains urbains seront mis en circulation par la Soci\u00e9t\u00e9 des Chemins de Fer, accessibles avec vos abonnements, afin de simplifier vos d\u00e9placements durant cette p\u00e9riode.<\/p>\r\n<h3>Ligne <span style=\"color: white; background-color: #f1ab00; border-top-left-radius: 0.3em; border-bottom-right-radius: 0.3em; padding: 0.1em 0.4em 0.1em 0.4em;\">3<\/span> - Campus Marthe Gautier &lt;&gt; Lyc\u00e9e Caroline Herschel<\/h3>\r\n<p>Tout comme la ligne 2, la ligne 3 sera perturb\u00e9e durant cette premi\u00e8re phase entre le Campus Marthe Gautier et le Lyc\u00e9e Caroline Herschel.<\/p>\r\n<p>La ligne 3 sera \u00e9galement interrompue les soirs de semaine, le samedi matin et le dimanche entre le Campus Marthe Gautier et le Lyc\u00e9e Caroline Herschel. Le reste du temps, l'itin\u00e9raire habituel sera suivi, avec quelques allongements de temps de trajet possibles, certains arr\u00eats seront \u00e9galement d\u00e9plac\u00e9s (des informations d\u00e9taill\u00e9es seront disponibles sur les totems).<\/p>\t\t\t\t<\/div>\r\n\t\t\t\t\r\n\t\t\t\t \r\n\t\t\t\t<div role=\"tabpanel\" class=\"tab-pane \" id=\"tabs_desc_834_3\">\r\n\t\t\t\t\t<h2>Travaux - Phase 2<\/h2>\r\n<h3>Ligne <span style=\"color: white; background-color: #9364cc; border-top-left-radius: 0.3em; border-bottom-right-radius: 0.3em; padding: 0.1em 0.4em 0.1em 0.4em;\">2<\/span> et <span style=\"color: white; background-color: #f1ab00; border-top-left-radius: 0.3em; border-bottom-right-radius: 0.3em; padding: 0.1em 0.4em 0.1em 0.4em;\">3<\/span> - Gare Centrale &lt;&gt; Palais des Beaux-Arts<\/h3>\r\n<p>Les lignes 2 et 3 effectueront leur terminus \u00e0 l'arr\u00eat H\u00f4tel de Ville, suivant le plan ci-dessous. Pour acc\u00e9der \u00e0 la Gare Centrale, il faudra emprunter ensuite la ligne 1.<\/p>\r\n<figure class=\"wp-block-image size-full\"><img loading=\"lazy\" decoding=\"async\" width=\"2150\" height=\"1440\" src=\"https:\/\/seal.transport-manager.net\/orizo\/wp-content\/uploads\/sites\/54\/2023\/06\/image-1.png\" alt=\"\" class=\"wp-image-838\" srcset=\"https:\/\/seal.transport-manager.net\/orizo\/wp-content\/uploads\/sites\/54\/2023\/06\/image-1.png 2150w, https:\/\/seal.transport-manager.net\/orizo\/wp-content\/uploads\/sites\/54\/2023\/06\/image-1-300x201.png 300w, https:\/\/seal.transport-manager.net\/orizo\/wp-content\/uploads\/sites\/54\/2023\/06\/image-1-1024x686.png 1024w, https:\/\/seal.transport-manager.net\/orizo\/wp-content\/uploads\/sites\/54\/2023\/06\/image-1-768x514.png 768w, https:\/\/seal.transport-manager.net\/orizo\/wp-content\/uploads\/sites\/54\/2023\/06\/image-1-1536x1029.png 1536w, https:\/\/seal.transport-manager.net\/orizo\/wp-content\/uploads\/sites\/54\/2023\/06\/image-1-2048x1372.png 2048w, https:\/\/seal.transport-manager.net\/orizo\/wp-content\/uploads\/sites\/54\/2023\/06\/image-1-360x240.png 360w\" sizes=\"auto, (max-width: 2150px) 100vw, 2150px\" \/><\/figure>\t\t\t\t<\/div>\r\n\t\t\t\t\r\n\t\t\t\t \r\n\t\t\t\t<div role=\"tabpanel\" class=\"tab-pane  in active \" id=\"tabs_desc_834_4\">\r\n\t\t\t\t\t<h2>Travaux - Phase 3<\/h2>\r\n<h3>Ligne <span style=\"color: white; background-color: #9364cc; border-top-left-radius: 0.3em; border-bottom-right-radius: 0.3em; padding: 0.1em 0.4em 0.1em 0.4em;\">2<\/span>\u00a0 - Palais des Beaux-Arts &lt;&gt; Place de l'Europe<\/h3>\r\n<p>La ligne 2 sera totalement interrompue entre Gare Centrale et Place de l'Europe.<\/p>\r\n<p>Pour rejoindre le Palais des Beaux-Arts depuis la Gare Centrale, la ligne 1 sera prolong\u00e9e et effectuera une boucle depuis l'H\u00f4tel de Ville pour desservir la Gare Centrale et le Palais des Beaux-Arts (voir plan ci-dessous). Pour rejoindre la partie occidentale de la ligne 2, il faudra emprunter la ligne 7 puis la ligne 5.<\/p>\r\n<figure class=\"wp-block-image size-full\"><img loading=\"lazy\" decoding=\"async\" width=\"2144\" height=\"1392\" src=\"https:\/\/seal.transport-manager.net\/orizo\/wp-content\/uploads\/sites\/54\/2023\/06\/image-2.png\" alt=\"\" class=\"wp-image-839\" srcset=\"https:\/\/seal.transport-manager.net\/orizo\/wp-content\/uploads\/sites\/54\/2023\/06\/image-2.png 2144w, https:\/\/seal.transport-manager.net\/orizo\/wp-content\/uploads\/sites\/54\/2023\/06\/image-2-300x195.png 300w, https:\/\/seal.transport-manager.net\/orizo\/wp-content\/uploads\/sites\/54\/2023\/06\/image-2-1024x665.png 1024w, https:\/\/seal.transport-manager.net\/orizo\/wp-content\/uploads\/sites\/54\/2023\/06\/image-2-768x499.png 768w, https:\/\/seal.transport-manager.net\/orizo\/wp-content\/uploads\/sites\/54\/2023\/06\/image-2-1536x997.png 1536w, https:\/\/seal.transport-manager.net\/orizo\/wp-content\/uploads\/sites\/54\/2023\/06\/image-2-2048x1330.png 2048w\" sizes=\"auto, (max-width: 2144px) 100vw, 2144px\" \/><\/figure>\r\n<h3>Ligne <span style=\"color: white; background-color: #f1ab00; border-top-left-radius: 0.3em; border-bottom-right-radius: 0.3em; padding: 0.1em 0.4em 0.1em 0.4em;\">3<\/span>\u00a0 - Palais des Beaux-Arts &lt;&gt; Lyc\u00e9e Caroline Herschel<\/h3>\r\n<p>La ligne 3 circulera en int\u00e9gralit\u00e9 uniquement en heures de pointe. Le reste du temps, la ligne 3 ne circulera qu'entre le Lyc\u00e9e Caroline Herschel et le Campus Marthe Gautier.<\/p>\t\t\t\t<\/div>\r\n\t\t\t\t\r\n\t\t\t\t  \r\n\t\t<\/div>\r\n\t\t\r\n\t<\/div> \r\n<\/div>\r\n\r\n\n\n\n\n<p>Nous nous excusons des fortes perturbations g\u00e9n\u00e9r\u00e9es par ces travaux, et vous invitons \u00e0 la rentr\u00e9e, pour des lignes 2 et 3 plus fluides !<\/p>\n\n\n\n<p>Probus &#8211; ensemble, prenons le bus !<\/p>\n<\/div>\n<\/div>\n","protected":false},"excerpt":{"rendered":"<p>Cet \u00e9t\u00e9, Probus et Probourg Agglom\u00e9ration mettent tout en \u0153uvre pour am\u00e9liorer vos conditions de trafic, plus particuli\u00e8rement sur les lignes 2 et 3, parmi les plus fr\u00e9quent\u00e9es du r\u00e9seau.<\/p>\n","protected":false},"author":54,"featured_media":1231,"comment_status":"open","ping_status":"open","sticky":false,"template":"","format":"standard","meta":{"_EventAllDay":false,"_EventTimezone":"","_EventStartDate":"","_EventEndDate":"","_EventStartDateUTC":"","_EventEndDateUTC":"","_EventShowMap":false,"_EventShowMapLink":false,"_EventURL":"","_EventCost":"","_EventCostDescription":"","_EventCurrencySymbol":"","_EventCurrencyCode":"","_EventCurrencyPosition":"","_EventDateTimeSeparator":"","_EventTimeRangeSeparator":"","_EventOrganizerID":[],"_EventVenueID":[],"_OrganizerEmail":"","_OrganizerPhone":"","_OrganizerWebsite":"","_VenueAddress":"","_VenueCity":"","_VenueCountry":"","_VenueProvince":"","_VenueState":"","_VenueZip":"","_VenuePhone":"","_VenueURL":"","_VenueStateProvince":"","_VenueLat":"","_VenueLng":"","_VenueShowMap":false,"_VenueShowMapLink":false,"footnotes":""},"categories":[5,6],"tags":[26,11,12],"class_list":["post-829","post","type-post","status-publish","format-standard","has-post-thumbnail","hentry","category-actualites","category-info-reseau","tag-bus-plus","tag-11","tag-12"],"_links":{"self":[{"href":"https:\/\/seal.transport-manager.net\/orizo\/wp-json\/wp\/v2\/posts\/829","targetHints":{"allow":["GET"]}}],"collection":[{"href":"https:\/\/seal.transport-manager.net\/orizo\/wp-json\/wp\/v2\/posts"}],"about":[{"href":"https:\/\/seal.transport-manager.net\/orizo\/wp-json\/wp\/v2\/types\/post"}],"author":[{"embeddable":true,"href":"https:\/\/seal.transport-manager.net\/orizo\/wp-json\/wp\/v2\/users\/54"}],"replies":[{"embeddable":true,"href":"https:\/\/seal.transport-manager.net\/orizo\/wp-json\/wp\/v2\/comments?post=829"}],"version-history":[{"count":11,"href":"https:\/\/seal.transport-manager.net\/orizo\/wp-json\/wp\/v2\/posts\/829\/revisions"}],"predecessor-version":[{"id":1205,"href":"https:\/\/seal.transport-manager.net\/orizo\/wp-json\/wp\/v2\/posts\/829\/revisions\/1205"}],"wp:featuredmedia":[{"embeddable":true,"href":"https:\/\/seal.transport-manager.net\/orizo\/wp-json\/wp\/v2\/media\/1231"}],"wp:attachment":[{"href":"https:\/\/seal.transport-manager.net\/orizo\/wp-json\/wp\/v2\/media?parent=829"}],"wp:term":[{"taxonomy":"category","embeddable":true,"href":"https:\/\/seal.transport-manager.net\/orizo\/wp-json\/wp\/v2\/categories?post=829"},{"taxonomy":"post_tag","embeddable":true,"href":"https:\/\/seal.transport-manager.net\/orizo\/wp-json\/wp\/v2\/tags?post=829"}],"curies":[{"name":"wp","href":"https:\/\/api.w.org\/{rel}","templated":true}]}}