{"id":886,"date":"2023-06-17T23:18:30","date_gmt":"2023-06-17T21:18:30","guid":{"rendered":"https:\/\/seal.transport-manager.net\/orizo\/?p=886"},"modified":"2023-08-08T18:41:18","modified_gmt":"2023-08-08T16:41:18","slug":"navette-parc-de-letang","status":"publish","type":"post","link":"https:\/\/seal.transport-manager.net\/orizo\/actualites\/2023\/06\/17\/886\/","title":{"rendered":"Navette Parc de l&rsquo;\u00c9tang"},"content":{"rendered":"\n<div class=\"wp-block-columns alignwide is-layout-flex wp-container-core-columns-is-layout-28f84493 wp-block-columns-is-layout-flex\">\n<div class=\"wp-block-column is-layout-flow wp-block-column-is-layout-flow\" style=\"flex-basis:100%\">\n<p>Cet \u00e9t\u00e9, Probourg renoue avec la tradition et organise de nombreuses activit\u00e9s au parc de l&rsquo;\u00c9tang. Pour vous permettre d&rsquo;y acc\u00e9der ainsi qu&rsquo;\u00e0 d&rsquo;autres points touristiques de la ville, Probus remet en place la ligne circulaire 804 en centre-ville.<\/p>\n\n\n\n<p>Cette ligne circulera du 1<sup>er<\/sup> juillet au 3 septembre.<\/p>\n<\/div>\n<\/div>\n\n\n\n<figure class=\"wp-block-image alignfull size-full\"><img loading=\"lazy\" decoding=\"async\" width=\"3000\" height=\"600\" src=\"https:\/\/seal.transport-manager.net\/orizo\/wp-content\/uploads\/sites\/54\/2023\/06\/ThermoN2.png\" alt=\"\" class=\"wp-image-872\" srcset=\"https:\/\/seal.transport-manager.net\/orizo\/wp-content\/uploads\/sites\/54\/2023\/06\/ThermoN2.png 3000w, https:\/\/seal.transport-manager.net\/orizo\/wp-content\/uploads\/sites\/54\/2023\/06\/ThermoN2-300x60.png 300w, https:\/\/seal.transport-manager.net\/orizo\/wp-content\/uploads\/sites\/54\/2023\/06\/ThermoN2-1024x205.png 1024w, https:\/\/seal.transport-manager.net\/orizo\/wp-content\/uploads\/sites\/54\/2023\/06\/ThermoN2-768x154.png 768w, https:\/\/seal.transport-manager.net\/orizo\/wp-content\/uploads\/sites\/54\/2023\/06\/ThermoN2-1536x307.png 1536w, https:\/\/seal.transport-manager.net\/orizo\/wp-content\/uploads\/sites\/54\/2023\/06\/ThermoN2-2048x410.png 2048w\" sizes=\"auto, (max-width: 3000px) 100vw, 3000px\" \/><\/figure>\n\n\n\n<div class=\"wp-block-columns alignwide is-layout-flex wp-container-core-columns-is-layout-28f84493 wp-block-columns-is-layout-flex\">\n<div class=\"wp-block-column is-layout-flow wp-block-column-is-layout-flow\" style=\"flex-basis:33.33%\">\n<figure class=\"wp-block-table is-style-stripes\"><table><tbody><tr><td>Du lundi au vendredi<\/td><td><\/td><\/tr><tr><td>de 6h30 \u00e0 21h<\/td><td>de 21h \u00e0 1h<\/td><\/tr><tr><td>un bus toutes les 20 minutes<\/td><td>un bus toutes les 40 minutes<\/td><\/tr><tr><td>Le samedi<\/td><td><\/td><\/tr><tr><td>de 6h30 \u00e0 23h<\/td><td>de 23h \u00e0 3h<\/td><\/tr><tr><td>un bus toutes les 15 minutes<\/td><td>un bus toutes les 20 minutes<\/td><\/tr><tr><td>Le dimanche<\/td><td><\/td><\/tr><tr><td>de 6h30 \u00e0 1h30<\/td><td><\/td><\/tr><tr><td>un bus toutes les 15 minutes<\/td><td><\/td><\/tr><\/tbody><\/table><\/figure>\n<\/div>\n\n\n\n<div class=\"wp-block-column is-layout-flow wp-block-column-is-layout-flow\" style=\"flex-basis:66.66%\">\n<div data-wp-interactive=\"core\/file\" class=\"wp-block-file aligncenter\"><object data-wp-bind--hidden=\"!state.hasPdfPreview\" hidden class=\"wp-block-file__embed\" data=\"https:\/\/seal.transport-manager.net\/orizo\/wp-content\/uploads\/sites\/54\/2023\/06\/FH804_2023.pdf\" type=\"application\/pdf\" style=\"width:100%;height:400px\" aria-label=\"Contenu embarqu\u00e9 Fiche horaires 804.\"><\/object><a id=\"wp-block-file--media-279991d5-0570-495d-a99c-e898925df15b\" href=\"https:\/\/seal.transport-manager.net\/orizo\/wp-content\/uploads\/sites\/54\/2023\/06\/FH804_2023.pdf\" target=\"_blank\" rel=\"noreferrer noopener\">Fiche horaires 804<\/a><a href=\"https:\/\/seal.transport-manager.net\/orizo\/wp-content\/uploads\/sites\/54\/2023\/06\/FH804_2023.pdf\" class=\"wp-block-file__button wp-element-button\" download aria-describedby=\"wp-block-file--media-279991d5-0570-495d-a99c-e898925df15b\">T\u00e9l\u00e9charger<\/a><\/div>\n<\/div>\n<\/div>\n\n\n\n<div class=\"wp-block-columns alignwide is-layout-flex wp-container-core-columns-is-layout-28f84493 wp-block-columns-is-layout-flex\">\n<div class=\"wp-block-column is-layout-flow wp-block-column-is-layout-flow\">\n<p>En connexion avec les principales lignes du r\u00e9seau, la ligne 804 vous permettra de passer des vacances meilleures en notre compagnie, \u00e0 Probourg.<\/p>\n\n\n\n<blockquote class=\"wp-block-quote is-layout-flow wp-block-quote-is-layout-flow\">\n<p>Attention : en raison d&rsquo;importants travaux, les lignes 2 et 3 seront d\u00e9vi\u00e9es selon un planning pr\u00e9cis cet \u00e9t\u00e9. Plus de renseignements <a href=\"https:\/\/seal.transport-manager.net\/orizo\/2023\/06\/03\/travaux-lignes-2-et-3\/\" data-type=\"post\" data-id=\"829\">ici<\/a>.<\/p>\n<\/blockquote>\n\n\n\n<p>Probus &#8211; ensemble, prenons le bus !<\/p>\n<\/div>\n\n\n\n<div class=\"wp-block-column is-layout-flow wp-block-column-is-layout-flow\" style=\"flex-basis:50%\">\n<figure class=\"wp-block-image size-full\"><img loading=\"lazy\" decoding=\"async\" width=\"2915\" height=\"2170\" src=\"https:\/\/seal.transport-manager.net\/orizo\/wp-content\/uploads\/sites\/54\/2023\/06\/Zoom_N2_804.png\" alt=\"\" class=\"wp-image-889\" srcset=\"https:\/\/seal.transport-manager.net\/orizo\/wp-content\/uploads\/sites\/54\/2023\/06\/Zoom_N2_804.png 2915w, https:\/\/seal.transport-manager.net\/orizo\/wp-content\/uploads\/sites\/54\/2023\/06\/Zoom_N2_804-300x223.png 300w, https:\/\/seal.transport-manager.net\/orizo\/wp-content\/uploads\/sites\/54\/2023\/06\/Zoom_N2_804-1024x762.png 1024w, https:\/\/seal.transport-manager.net\/orizo\/wp-content\/uploads\/sites\/54\/2023\/06\/Zoom_N2_804-768x572.png 768w, https:\/\/seal.transport-manager.net\/orizo\/wp-content\/uploads\/sites\/54\/2023\/06\/Zoom_N2_804-1536x1143.png 1536w, https:\/\/seal.transport-manager.net\/orizo\/wp-content\/uploads\/sites\/54\/2023\/06\/Zoom_N2_804-2048x1525.png 2048w\" sizes=\"auto, (max-width: 2915px) 100vw, 2915px\" \/><\/figure>\n<\/div>\n<\/div>\n","protected":false},"excerpt":{"rendered":"<p>Cet \u00e9t\u00e9, Probourg renoue avec la tradition et organise de nombreuses activit\u00e9s au parc de l&rsquo;\u00c9tang.<\/p>\n","protected":false},"author":54,"featured_media":1233,"comment_status":"open","ping_status":"open","sticky":false,"template":"","format":"standard","meta":{"_EventAllDay":false,"_EventTimezone":"","_EventStartDate":"","_EventEndDate":"","_EventStartDateUTC":"","_EventEndDateUTC":"","_EventShowMap":false,"_EventShowMapLink":false,"_EventURL":"","_EventCost":"","_EventCostDescription":"","_EventCurrencySymbol":"","_EventCurrencyCode":"","_EventCurrencyPosition":"","_EventDateTimeSeparator":"","_EventTimeRangeSeparator":"","_EventOrganizerID":[],"_EventVenueID":[],"_OrganizerEmail":"","_OrganizerPhone":"","_OrganizerWebsite":"","_VenueAddress":"","_VenueCity":"","_VenueCountry":"","_VenueProvince":"","_VenueState":"","_VenueZip":"","_VenuePhone":"","_VenueURL":"","_VenueStateProvince":"","_VenueLat":"","_VenueLng":"","_VenueShowMap":false,"_VenueShowMapLink":false,"footnotes":""},"categories":[5,8,6],"tags":[18],"class_list":["post-886","post","type-post","status-publish","format-standard","has-post-thumbnail","hentry","category-actualites","category-fetes","category-info-reseau","tag-18"],"_links":{"self":[{"href":"https:\/\/seal.transport-manager.net\/orizo\/wp-json\/wp\/v2\/posts\/886","targetHints":{"allow":["GET"]}}],"collection":[{"href":"https:\/\/seal.transport-manager.net\/orizo\/wp-json\/wp\/v2\/posts"}],"about":[{"href":"https:\/\/seal.transport-manager.net\/orizo\/wp-json\/wp\/v2\/types\/post"}],"author":[{"embeddable":true,"href":"https:\/\/seal.transport-manager.net\/orizo\/wp-json\/wp\/v2\/users\/54"}],"replies":[{"embeddable":true,"href":"https:\/\/seal.transport-manager.net\/orizo\/wp-json\/wp\/v2\/comments?post=886"}],"version-history":[{"count":2,"href":"https:\/\/seal.transport-manager.net\/orizo\/wp-json\/wp\/v2\/posts\/886\/revisions"}],"predecessor-version":[{"id":890,"href":"https:\/\/seal.transport-manager.net\/orizo\/wp-json\/wp\/v2\/posts\/886\/revisions\/890"}],"wp:featuredmedia":[{"embeddable":true,"href":"https:\/\/seal.transport-manager.net\/orizo\/wp-json\/wp\/v2\/media\/1233"}],"wp:attachment":[{"href":"https:\/\/seal.transport-manager.net\/orizo\/wp-json\/wp\/v2\/media?parent=886"}],"wp:term":[{"taxonomy":"category","embeddable":true,"href":"https:\/\/seal.transport-manager.net\/orizo\/wp-json\/wp\/v2\/categories?post=886"},{"taxonomy":"post_tag","embeddable":true,"href":"https:\/\/seal.transport-manager.net\/orizo\/wp-json\/wp\/v2\/tags?post=886"}],"curies":[{"name":"wp","href":"https:\/\/api.w.org\/{rel}","templated":true}]}}